{"id":1880,"date":"2014-09-27T23:07:20","date_gmt":"2014-09-28T05:07:20","guid":{"rendered":"http:\/\/www.noticiashondurashn.com\/?p=1880"},"modified":"2014-09-27T23:25:36","modified_gmt":"2014-09-28T05:25:36","slug":"nombran-embajador-cultural-al-cantante-pilo-tejeda","status":"publish","type":"post","link":"http:\/\/www.noticiashondurashn.com\/?p=1880","title":{"rendered":"Nombran Embajador Cultural al cantante \"Pilo\" Tejeda"},"content":{"rendered":"<figure id=\"attachment_1882\" aria-describedby=\"caption-attachment-1882\" style=\"width: 230px\" class=\"wp-caption alignnone\"><a href=\"http:\/\/www.noticiashondurashn.com\/wp-content\/uploads\/2014\/09\/image86.jpg\"><img decoding=\"async\" loading=\"lazy\" src=\"http:\/\/www.noticiashondurashn.com\/wp-content\/uploads\/2014\/09\/image86-230x300.jpg\" alt=\"El cantautor fue objeto de reconocimiento por el gobierno al nombrarlo Embajador Cultural.\" width=\"230\" height=\"300\" class=\"size-medium wp-image-1882\" srcset=\"http:\/\/www.noticiashondurashn.com\/wp-content\/uploads\/2014\/09\/image86-230x300.jpg 230w, http:\/\/www.noticiashondurashn.com\/wp-content\/uploads\/2014\/09\/image86.jpg 245w\" sizes=\"(max-width: 230px) 100vw, 230px\" \/><\/a><figcaption id=\"caption-attachment-1882\" class=\"wp-caption-text\">El cantautor fue objeto de reconocimiento por el gobierno al nombrarlo Embajador Cultural.<\/figcaption><\/figure>El Progrese\u00f1o, Pompilio \"Pilo\" Tejeda, creador de la mundialmente afamada composici\u00f3n musical \u201cSopa de Caracol\u201d, fue nombrado por el gobierno como Embajador Cultural de Honduras.<br \/>\nLa acci\u00f3n fue aprobaba por unanimidad por los integrantes del Consejo de Ministros para honrar la carrera del compositor, vocalista y l\u00edder del grupo Banda Blanca y actual vicealcalde de El Progreso, Yoro.<br \/>\nEl presidente Juan Orlando Hern\u00e1ndez, propuso que Pilo Tejeda, sea reconocido como Embajador Cultural de Honduras y por unanimidad se le brindo el reconocimiento por su labor musical y por poner en alto el nombre de este pa\u00eds.<br \/>\nPilo Tejeda, muy emocionado al recibir la distinci\u00f3n, record\u00f3 que \"No hace mucho, la Organizaci\u00f3n de las Naciones Unidas (ONU), me hizo un reconocimiento mundial y en ese momento pens\u00e9 que todo el mundo me reconoc\u00eda, menos mi pa\u00eds...\".<br \/>\nLuego dijo \"pero ahora me hacen un reconocimiento que es un premio para todos los artistas hondure\u00f1os, es lindo hacer resaltar al pa\u00eds, muy orgulloso y complacido de recibir esta nominaci\u00f3n... \u00a1Weeeepa! y hoy s\u00ed lo digo con ganas\".<br \/>\nEl reconocimiento se realiz\u00f3 en el marco de la reuni\u00f3n del Consejo de Ministros que se desarroll\u00f3 hoy en El Progreso, que est\u00e1 celebrando su feria patronal, en honor  a la virgen de Las Mercedes.<\/p>\n","protected":false},"excerpt":{"rendered":"<p>El Progrese\u00f1o, Pompilio \"Pilo\" Tejeda, creador de la mundialmente afamada composici\u00f3n musical \u201cSopa de Caracol\u201d, fue nombrado por el gobierno<\/p>\n","protected":false},"author":1,"featured_media":1882,"comment_status":"open","ping_status":"open","sticky":false,"template":"","format":"standard","meta":[],"categories":[58],"tags":[85],"_links":{"self":[{"href":"http:\/\/www.noticiashondurashn.com\/index.php?rest_route=\/wp\/v2\/posts\/1880"}],"collection":[{"href":"http:\/\/www.noticiashondurashn.com\/index.php?rest_route=\/wp\/v2\/posts"}],"about":[{"href":"http:\/\/www.noticiashondurashn.com\/index.php?rest_route=\/wp\/v2\/types\/post"}],"author":[{"embeddable":true,"href":"http:\/\/www.noticiashondurashn.com\/index.php?rest_route=\/wp\/v2\/users\/1"}],"replies":[{"embeddable":true,"href":"http:\/\/www.noticiashondurashn.com\/index.php?rest_route=%2Fwp%2Fv2%2Fcomments&post=1880"}],"version-history":[{"count":5,"href":"http:\/\/www.noticiashondurashn.com\/index.php?rest_route=\/wp\/v2\/posts\/1880\/revisions"}],"predecessor-version":[{"id":1886,"href":"http:\/\/www.noticiashondurashn.com\/index.php?rest_route=\/wp\/v2\/posts\/1880\/revisions\/1886"}],"wp:featuredmedia":[{"embeddable":true,"href":"http:\/\/www.noticiashondurashn.com\/index.php?rest_route=\/wp\/v2\/media\/1882"}],"wp:attachment":[{"href":"http:\/\/www.noticiashondurashn.com\/index.php?rest_route=%2Fwp%2Fv2%2Fmedia&parent=1880"}],"wp:term":[{"taxonomy":"category","embeddable":true,"href":"http:\/\/www.noticiashondurashn.com\/index.php?rest_route=%2Fwp%2Fv2%2Fcategories&post=1880"},{"taxonomy":"post_tag","embeddable":true,"href":"http:\/\/www.noticiashondurashn.com\/index.php?rest_route=%2Fwp%2Fv2%2Ftags&post=1880"}],"curies":[{"name":"wp","href":"https:\/\/api.w.org\/{rel}","templated":true}]}}