{"id":18726,"date":"2025-05-16T11:14:00","date_gmt":"2025-05-16T17:14:00","guid":{"rendered":"https:\/\/www.noticiashondurashn.com\/?p=18726"},"modified":"2025-05-17T18:41:24","modified_gmt":"2025-05-18T00:41:24","slug":"develizan-monumento-a-blanca-jeannette-kawas-en-parque-de-tela","status":"publish","type":"post","link":"http:\/\/www.noticiashondurashn.com\/?p=18726","title":{"rendered":"Develizan monumento a Blanca Jeannette Kawas en parque de Tela"},"content":{"rendered":"\n<p>Fotos: J. Quintana\/ @josuequintanahn<\/p>\n\n\n\n<h4 class=\"wp-block-heading\">En cumplimiento a la sentencia dictada por la Corte Interamericana de Derechos Humanos (Corte IDH), el Estado hondure\u00f1o devel\u00f3 un monumento en memoria de la ambientalista Blanca Jeannette Kawas Fern\u00e1ndez, en la ciudad de Tela, Atl\u00e1ntida.<\/h4>\n\n\n\n<p>La Procuradur\u00eda General de la Rep\u00fablica (PGR), la Municipalidad de Tela, fuerzas vivas y entre otras entidades civiles, rindieron un homenaje a su legado y defensa del patrimonio natural.<\/p>\n\n\n\n<figure class=\"wp-block-image size-large\"><img decoding=\"async\" loading=\"lazy\" width=\"650\" height=\"497\" src=\"https:\/\/www.noticiashondurashn.com\/wp-content\/uploads\/2025\/05\/img_2859-1-650x497.jpg\" alt=\"\" class=\"wp-image-18723\" srcset=\"http:\/\/www.noticiashondurashn.com\/wp-content\/uploads\/2025\/05\/img_2859-1-650x497.jpg 650w, http:\/\/www.noticiashondurashn.com\/wp-content\/uploads\/2025\/05\/img_2859-1-300x229.jpg 300w, http:\/\/www.noticiashondurashn.com\/wp-content\/uploads\/2025\/05\/img_2859-1-768x587.jpg 768w, http:\/\/www.noticiashondurashn.com\/wp-content\/uploads\/2025\/05\/img_2859-1.jpg 1412w\" sizes=\"(max-width: 650px) 100vw, 650px\" \/><\/figure>\n\n\n\n<p>Como parte de las medidas de reparaci\u00f3n, la Corte IDH, orden\u00f3 al Estado hondure\u00f1o la construcci\u00f3n de un monumento en honor a Blanca Jeannette Kawas Fern\u00e1ndez, destacada defensora del medio ambiente, asesinada en 1995.<\/p>\n\n\n\n<p>Seg\u00fan la PGR, \"este tipo de actos busca mantener viva la memoria, reconocer la labor de quienes lucharon por causas justas y evitar que hechos como los de este caso se repitan\".<\/p>\n\n\n\n<figure class=\"wp-block-image size-large\"><img decoding=\"async\" loading=\"lazy\" width=\"650\" height=\"488\" src=\"https:\/\/www.noticiashondurashn.com\/wp-content\/uploads\/2025\/05\/img_2860-1-650x488.jpg\" alt=\"\" class=\"wp-image-18724\" srcset=\"http:\/\/www.noticiashondurashn.com\/wp-content\/uploads\/2025\/05\/img_2860-1-650x488.jpg 650w, http:\/\/www.noticiashondurashn.com\/wp-content\/uploads\/2025\/05\/img_2860-1-300x225.jpg 300w, http:\/\/www.noticiashondurashn.com\/wp-content\/uploads\/2025\/05\/img_2860-1-768x576.jpg 768w, http:\/\/www.noticiashondurashn.com\/wp-content\/uploads\/2025\/05\/img_2860-1.jpg 1440w\" sizes=\"(max-width: 650px) 100vw, 650px\" \/><\/figure>\n\n\n\n<p>El evento cont\u00f3 con la presencia de familiares de Kawas Fern\u00e1ndez, seres queridos, amigos y actuales directivos de la organizaci\u00f3n ambientalista que ella en vida fund\u00f3 y dirigi\u00f3.<\/p>\n\n\n\n<p>Blanca Jeannette Kawas Fern\u00e1ndez fue presidenta de la Fundaci\u00f3n para la Protecci\u00f3n de Lancetilla, Punta Sal, Punta Izopo y Texiguat (PROLANSATE), una organizaci\u00f3n dedicada a promover la conservaci\u00f3n y una mejor calidad de vida para las comunidades mediante una gesti\u00f3n integral de las \u00e1reas protegidas en la Bah\u00eda de Tela, una de las zonas con m\u00e1s recursos naturales en el norte del pa\u00eds.<\/p>\n\n\n\n<figure class=\"wp-block-image size-large\"><img decoding=\"async\" loading=\"lazy\" width=\"650\" height=\"488\" src=\"https:\/\/www.noticiashondurashn.com\/wp-content\/uploads\/2025\/05\/img_2858-1-650x488.jpg\" alt=\"\" class=\"wp-image-18725\" srcset=\"http:\/\/www.noticiashondurashn.com\/wp-content\/uploads\/2025\/05\/img_2858-1-650x488.jpg 650w, http:\/\/www.noticiashondurashn.com\/wp-content\/uploads\/2025\/05\/img_2858-1-300x225.jpg 300w, http:\/\/www.noticiashondurashn.com\/wp-content\/uploads\/2025\/05\/img_2858-1-768x576.jpg 768w, http:\/\/www.noticiashondurashn.com\/wp-content\/uploads\/2025\/05\/img_2858-1.jpg 1440w\" sizes=\"(max-width: 650px) 100vw, 650px\" \/><\/figure>\n\n\n\n<p>Su asesinato, ocurrido el 6 de febrero de 1995, marc\u00f3 un antes y un despu\u00e9s en la historia del pa\u00eds, ya que fue la primera defensora ambiental asesinada en Honduras por su labor de protecci\u00f3n ambiental.<\/p>\n\n\n\n<p>Su hijo, el arquitecto tele\u00f1o, Jaime W. Kawas fue el encargado de dise\u00f1ar y dirigir la construcci\u00f3n del monumento a su memoria.<\/p>\n\n\n\n<p><\/p>\n","protected":false},"excerpt":{"rendered":"<p>Fotos: J. Quintana\/ @josuequintanahn En cumplimiento a la sentencia dictada por la Corte Interamericana de Derechos Humanos (Corte IDH), el<\/p>\n","protected":false},"author":1,"featured_media":18725,"comment_status":"closed","ping_status":"open","sticky":false,"template":"","format":"standard","meta":[],"categories":[91,13],"tags":[105,115,119],"_links":{"self":[{"href":"http:\/\/www.noticiashondurashn.com\/index.php?rest_route=\/wp\/v2\/posts\/18726"}],"collection":[{"href":"http:\/\/www.noticiashondurashn.com\/index.php?rest_route=\/wp\/v2\/posts"}],"about":[{"href":"http:\/\/www.noticiashondurashn.com\/index.php?rest_route=\/wp\/v2\/types\/post"}],"author":[{"embeddable":true,"href":"http:\/\/www.noticiashondurashn.com\/index.php?rest_route=\/wp\/v2\/users\/1"}],"replies":[{"embeddable":true,"href":"http:\/\/www.noticiashondurashn.com\/index.php?rest_route=%2Fwp%2Fv2%2Fcomments&post=18726"}],"version-history":[{"count":2,"href":"http:\/\/www.noticiashondurashn.com\/index.php?rest_route=\/wp\/v2\/posts\/18726\/revisions"}],"predecessor-version":[{"id":18728,"href":"http:\/\/www.noticiashondurashn.com\/index.php?rest_route=\/wp\/v2\/posts\/18726\/revisions\/18728"}],"wp:featuredmedia":[{"embeddable":true,"href":"http:\/\/www.noticiashondurashn.com\/index.php?rest_route=\/wp\/v2\/media\/18725"}],"wp:attachment":[{"href":"http:\/\/www.noticiashondurashn.com\/index.php?rest_route=%2Fwp%2Fv2%2Fmedia&parent=18726"}],"wp:term":[{"taxonomy":"category","embeddable":true,"href":"http:\/\/www.noticiashondurashn.com\/index.php?rest_route=%2Fwp%2Fv2%2Fcategories&post=18726"},{"taxonomy":"post_tag","embeddable":true,"href":"http:\/\/www.noticiashondurashn.com\/index.php?rest_route=%2Fwp%2Fv2%2Ftags&post=18726"}],"curies":[{"name":"wp","href":"https:\/\/api.w.org\/{rel}","templated":true}]}}