{"id":18650,"date":"2025-03-29T11:08:00","date_gmt":"2025-03-29T17:08:00","guid":{"rendered":"https:\/\/www.noticiashondurashn.com\/?p=18650"},"modified":"2025-03-30T09:10:07","modified_gmt":"2025-03-30T15:10:07","slug":"a-tamara-son-remitidos-tres-agentes-policiales-acusados-por-secuestro","status":"publish","type":"post","link":"http:\/\/www.noticiashondurashn.com\/?p=18650","title":{"rendered":"A Tamara son remitidos tres agentes policiales acusados por secuestro"},"content":{"rendered":"\n<p><strong>Un oficial y dos agentes policiales, fueron capturados tras ser denunciados por el delito de secuestro y hurto de veh\u00edculo de un empresario.<\/strong><\/p>\n\n\n\n<p>Un oficial y dos agentes de la Direcci\u00f3n Nacional de Vialidad y Transporte (DNVT) fueron enviado a prisi\u00f3n por el Juzgado de Letras Penal con Competencia Nacional en Materia de Criminalidad Organizada, Medio Ambiente y Corrupci\u00f3n, tras una audiencia desarrollada en San Pedro Sula.<\/p>\n\n\n\n<p><br \/>El Juez de Letras Penal con Jurisdicci\u00f3n Nacional, resolvi\u00f3 imponer la medida cautelar de la detenci\u00f3n judicial a Nery Otoniel Hern\u00e1ndez Rico, Pedro Antonio Maradiaga Ant\u00fanez y Mario Enrique Su\u00e1rez Pav\u00f3n, a quienes se les supone responsables de los delitos de secuestro y hurto de veh\u00edculo automotor en perjuicio de Ever Ariel D\u00edaz D\u00edaz.<br \/><\/p>\n\n\n\n<p>Adem\u00e1s, se aplic\u00f3 la misma medida cautelar a Nery Otoniel Hern\u00e1ndez Rico y Mario Enrique Su\u00e1rez Pav\u00f3n, sometidos por ilicito de homicidio en su grado de ejecuci\u00f3n de tentativa en detrimento del mismo ofendido.<br \/><\/p>\n\n\n\n<p>El fiscal Contra el Crimen Organizado, present\u00f3 el requerimiento, describiendo los detalles de la privaci\u00f3n, pidiendo la aplicaci\u00f3n de la medida cautelar limitativa de la libertad. Por su parte, rechaz\u00f3 la tesis fiscal, solicitando mantener el estado de inocencia de sus representados.<\/p>\n\n\n\n<figure class=\"wp-block-image size-large\"><img decoding=\"async\" loading=\"lazy\" width=\"650\" height=\"448\" src=\"https:\/\/www.noticiashondurashn.com\/wp-content\/uploads\/2025\/03\/img_2644-1-650x448.jpg\" class=\"wp-image-18649\" srcset=\"http:\/\/www.noticiashondurashn.com\/wp-content\/uploads\/2025\/03\/img_2644-1-650x448.jpg 650w, http:\/\/www.noticiashondurashn.com\/wp-content\/uploads\/2025\/03\/img_2644-1-300x207.jpg 300w, http:\/\/www.noticiashondurashn.com\/wp-content\/uploads\/2025\/03\/img_2644-1-768x530.jpg 768w, http:\/\/www.noticiashondurashn.com\/wp-content\/uploads\/2025\/03\/img_2644-1-130x90.jpg 130w, http:\/\/www.noticiashondurashn.com\/wp-content\/uploads\/2025\/03\/img_2644-1.jpg 870w\" sizes=\"(max-width: 650px) 100vw, 650px\" \/><\/figure>\n\n\n\n<p>El Juez de Letras Penal con Jurisdicci\u00f3n Nacional determin\u00f3 que los imputados cumplan el t\u00e9rmino de ley para inquirir en el Centro Penitenciario de T\u00e1mara, en el departamento de Francisco Moraz\u00e1n.<br \/><\/p>\n\n\n\n<p>Seg\u00fan la denuncia el 9 de enero pasado, la v\u00edctima, un comerciante de artesan\u00edas, sali\u00f3 de la ciudad de Trujillo en su veh\u00edculo pick up rumbo a San Pedro Sula y en el sector de La M\u00e1sica, una patrulla policial le par\u00f3, un agente le pidi\u00f3 sus documentos, seg\u00fan un reporte lo vinculaban a la distribuci\u00f3n de drogas, le dijeron que \"por las buenas o las malas, lo llevar\u00edan a una casa de seguridad\".<\/p>\n","protected":false},"excerpt":{"rendered":"<p>Un oficial y dos agentes policiales, fueron capturados tras ser denunciados por el delito de secuestro y hurto de veh\u00edculo<\/p>\n","protected":false},"author":1,"featured_media":18649,"comment_status":"closed","ping_status":"open","sticky":false,"template":"","format":"standard","meta":[],"categories":[13],"tags":[70,115,10],"_links":{"self":[{"href":"http:\/\/www.noticiashondurashn.com\/index.php?rest_route=\/wp\/v2\/posts\/18650"}],"collection":[{"href":"http:\/\/www.noticiashondurashn.com\/index.php?rest_route=\/wp\/v2\/posts"}],"about":[{"href":"http:\/\/www.noticiashondurashn.com\/index.php?rest_route=\/wp\/v2\/types\/post"}],"author":[{"embeddable":true,"href":"http:\/\/www.noticiashondurashn.com\/index.php?rest_route=\/wp\/v2\/users\/1"}],"replies":[{"embeddable":true,"href":"http:\/\/www.noticiashondurashn.com\/index.php?rest_route=%2Fwp%2Fv2%2Fcomments&post=18650"}],"version-history":[{"count":1,"href":"http:\/\/www.noticiashondurashn.com\/index.php?rest_route=\/wp\/v2\/posts\/18650\/revisions"}],"predecessor-version":[{"id":18651,"href":"http:\/\/www.noticiashondurashn.com\/index.php?rest_route=\/wp\/v2\/posts\/18650\/revisions\/18651"}],"wp:featuredmedia":[{"embeddable":true,"href":"http:\/\/www.noticiashondurashn.com\/index.php?rest_route=\/wp\/v2\/media\/18649"}],"wp:attachment":[{"href":"http:\/\/www.noticiashondurashn.com\/index.php?rest_route=%2Fwp%2Fv2%2Fmedia&parent=18650"}],"wp:term":[{"taxonomy":"category","embeddable":true,"href":"http:\/\/www.noticiashondurashn.com\/index.php?rest_route=%2Fwp%2Fv2%2Fcategories&post=18650"},{"taxonomy":"post_tag","embeddable":true,"href":"http:\/\/www.noticiashondurashn.com\/index.php?rest_route=%2Fwp%2Fv2%2Ftags&post=18650"}],"curies":[{"name":"wp","href":"https:\/\/api.w.org\/{rel}","templated":true}]}}