{"id":1849,"date":"2014-09-26T14:02:20","date_gmt":"2014-09-26T20:02:20","guid":{"rendered":"http:\/\/www.noticiashondurashn.com\/?p=1849"},"modified":"2014-09-26T14:14:57","modified_gmt":"2014-09-26T20:14:57","slug":"realizan-festival-del-caracol-en-el-progreso","status":"publish","type":"post","link":"http:\/\/www.noticiashondurashn.com\/?p=1849","title":{"rendered":"Realizan festival del Caracol en El Progreso"},"content":{"rendered":"<p><iframe loading=\"lazy\" width=\"800\" height=\"450\" src=\"https:\/\/www.youtube.com\/embed\/uqG3vCLxME0?feature=oembed\" frameborder=\"0\" allowfullscreen><\/iframe>Como parte de las festividades de la feria patronal de El Progreso, Yoro hoy se desarroll\u00f3 el Festival Sopa de Caracol y Celebraci\u00f3n del D\u00eda Internacional del Turismo con la participaci\u00f3n de los municipios miembros de la Regi\u00f3n del Valle de Sula.<br \/>\nLa actividad se realiz\u00f3 en el parque Ram\u00f3n Rosa, fue amenizada por Los Roland e inaugurada por el Comisionado Presidencial para la Zona Norte, Leonel Ayala y el alcalde de El Progreso, Alexander L\u00f3pez.<br \/>\nDurante la actividad los visitantes pudieron disfrutar de las delicias del mar y el festival se realiz\u00f3 en honor al cantante y ahora vice alcalde Pompilio \"Pilo\" Tejeda que populariz\u00f3 la canci\u00f3n del ritmo punta.<\/p>\n","protected":false},"excerpt":{"rendered":"<p>Como parte de las festividades de la feria patronal de El Progreso, Yoro hoy se desarroll\u00f3 el Festival Sopa de<\/p>\n","protected":false},"author":1,"featured_media":0,"comment_status":"open","ping_status":"open","sticky":false,"template":"","format":"video","meta":[],"categories":[18],"tags":[40],"_links":{"self":[{"href":"http:\/\/www.noticiashondurashn.com\/index.php?rest_route=\/wp\/v2\/posts\/1849"}],"collection":[{"href":"http:\/\/www.noticiashondurashn.com\/index.php?rest_route=\/wp\/v2\/posts"}],"about":[{"href":"http:\/\/www.noticiashondurashn.com\/index.php?rest_route=\/wp\/v2\/types\/post"}],"author":[{"embeddable":true,"href":"http:\/\/www.noticiashondurashn.com\/index.php?rest_route=\/wp\/v2\/users\/1"}],"replies":[{"embeddable":true,"href":"http:\/\/www.noticiashondurashn.com\/index.php?rest_route=%2Fwp%2Fv2%2Fcomments&post=1849"}],"version-history":[{"count":4,"href":"http:\/\/www.noticiashondurashn.com\/index.php?rest_route=\/wp\/v2\/posts\/1849\/revisions"}],"predecessor-version":[{"id":1853,"href":"http:\/\/www.noticiashondurashn.com\/index.php?rest_route=\/wp\/v2\/posts\/1849\/revisions\/1853"}],"wp:attachment":[{"href":"http:\/\/www.noticiashondurashn.com\/index.php?rest_route=%2Fwp%2Fv2%2Fmedia&parent=1849"}],"wp:term":[{"taxonomy":"category","embeddable":true,"href":"http:\/\/www.noticiashondurashn.com\/index.php?rest_route=%2Fwp%2Fv2%2Fcategories&post=1849"},{"taxonomy":"post_tag","embeddable":true,"href":"http:\/\/www.noticiashondurashn.com\/index.php?rest_route=%2Fwp%2Fv2%2Ftags&post=1849"}],"curies":[{"name":"wp","href":"https:\/\/api.w.org\/{rel}","templated":true}]}}