{"id":18449,"date":"2024-12-13T12:43:22","date_gmt":"2024-12-13T18:43:22","guid":{"rendered":"https:\/\/www.noticiashondurashn.com\/?p=18449"},"modified":"2024-12-13T13:19:28","modified_gmt":"2024-12-13T19:19:28","slug":"reconocimiento-margarita-murillo-para-lider-indigena","status":"publish","type":"post","link":"http:\/\/www.noticiashondurashn.com\/?p=18449","title":{"rendered":"Reconocimiento Margarita Murillo para l\u00edder ind\u00edgena"},"content":{"rendered":"\n<h6 class=\"wp-block-heading\">El Foro de Mujeres por la Vida otorg\u00f3 el reconocimiento \u201cMargarita Murillo\u201d a la defensora ind\u00edgena lenca Adalinda Guti\u00e9rrez Hern\u00e1ndez.<\/h6>\n\n\n\n<h6 class=\"wp-block-heading\">La homenajeada es tambi\u00e9n integrante de la Uni\u00f3n de Trabajadores del Campo (UTC) en La Paz y de la Red de Mujeres Defensoras de Honduras.<\/h6>\n\n\n\n<p>Este reconocimiento, entregado desde 2019, honra la memoria de la lideresa campesina y defensora Margarita Murillo, asesinada en Villanueva, Cortes, el 27 de agosto de 2014.<\/p>\n\n\n\n<p><strong>Qui\u00e9n es Adalinda Guti\u00e9rrez<\/strong> <\/p>\n\n\n\n<figure class=\"wp-block-image size-large\"><img decoding=\"async\" loading=\"lazy\" width=\"650\" height=\"548\" src=\"https:\/\/www.noticiashondurashn.com\/wp-content\/uploads\/2024\/12\/img_1610-1-650x548.jpg\" alt=\"\" class=\"wp-image-18447\" srcset=\"http:\/\/www.noticiashondurashn.com\/wp-content\/uploads\/2024\/12\/img_1610-1-650x548.jpg 650w, http:\/\/www.noticiashondurashn.com\/wp-content\/uploads\/2024\/12\/img_1610-1-300x253.jpg 300w, http:\/\/www.noticiashondurashn.com\/wp-content\/uploads\/2024\/12\/img_1610-1-768x648.jpg 768w, http:\/\/www.noticiashondurashn.com\/wp-content\/uploads\/2024\/12\/img_1610-1.jpg 880w\" sizes=\"(max-width: 650px) 100vw, 650px\" \/><\/figure>\n\n\n\n<p>Guti\u00e9rrez Hern\u00e1ndez encarna la voz rebelde de las mujeres ind\u00edgenas y campesinas de Honduras que defienden el derecho a la tierra, el territorio y la vida.<\/p>\n\n\n\n<h6 class=\"wp-block-heading\">Tambi\u00e9n realiza acompa\u00f1amiento a mujeres y ni\u00f1as sobrevivientes de violencia, habiendo llegado incluso a enfrentarse a elementos de la Polic\u00eda que hab\u00edan agredido a sus esposas.<\/h6>\n\n\n\n<h6 class=\"wp-block-heading\">Tiene 52 a\u00f1os y su actividad como defensora inici\u00f3 a los 14 en la Pastoral Social, y de manera mucho m\u00e1s activa a partir de la d\u00e9cada de los 80, durante la etapa de las desapariciones pol\u00edticas en Honduras.<\/h6>\n\n\n\n<h6 class=\"wp-block-heading\">Pese al atentado contra su vida que sufri\u00f3 en 2016 y que la oblig\u00f3 a salir de su comunidad durante 6 meses.<\/h6>\n\n\n\n<figure class=\"wp-block-image size-large\"><img decoding=\"async\" loading=\"lazy\" width=\"650\" height=\"619\" src=\"https:\/\/www.noticiashondurashn.com\/wp-content\/uploads\/2024\/12\/img_1609-1-650x619.jpg\" alt=\"\" class=\"wp-image-18448\" srcset=\"http:\/\/www.noticiashondurashn.com\/wp-content\/uploads\/2024\/12\/img_1609-1-650x619.jpg 650w, http:\/\/www.noticiashondurashn.com\/wp-content\/uploads\/2024\/12\/img_1609-1-300x286.jpg 300w, http:\/\/www.noticiashondurashn.com\/wp-content\/uploads\/2024\/12\/img_1609-1-768x732.jpg 768w, http:\/\/www.noticiashondurashn.com\/wp-content\/uploads\/2024\/12\/img_1609-1.jpg 929w\" sizes=\"(max-width: 650px) 100vw, 650px\" \/><\/figure>\n","protected":false},"excerpt":{"rendered":"<p>El Foro de Mujeres por la Vida otorg\u00f3 el reconocimiento \u201cMargarita Murillo\u201d a la defensora ind\u00edgena lenca Adalinda Guti\u00e9rrez Hern\u00e1ndez.<\/p>\n","protected":false},"author":1,"featured_media":18448,"comment_status":"closed","ping_status":"open","sticky":false,"template":"","format":"standard","meta":[],"categories":[13],"tags":[],"_links":{"self":[{"href":"http:\/\/www.noticiashondurashn.com\/index.php?rest_route=\/wp\/v2\/posts\/18449"}],"collection":[{"href":"http:\/\/www.noticiashondurashn.com\/index.php?rest_route=\/wp\/v2\/posts"}],"about":[{"href":"http:\/\/www.noticiashondurashn.com\/index.php?rest_route=\/wp\/v2\/types\/post"}],"author":[{"embeddable":true,"href":"http:\/\/www.noticiashondurashn.com\/index.php?rest_route=\/wp\/v2\/users\/1"}],"replies":[{"embeddable":true,"href":"http:\/\/www.noticiashondurashn.com\/index.php?rest_route=%2Fwp%2Fv2%2Fcomments&post=18449"}],"version-history":[{"count":5,"href":"http:\/\/www.noticiashondurashn.com\/index.php?rest_route=\/wp\/v2\/posts\/18449\/revisions"}],"predecessor-version":[{"id":18455,"href":"http:\/\/www.noticiashondurashn.com\/index.php?rest_route=\/wp\/v2\/posts\/18449\/revisions\/18455"}],"wp:featuredmedia":[{"embeddable":true,"href":"http:\/\/www.noticiashondurashn.com\/index.php?rest_route=\/wp\/v2\/media\/18448"}],"wp:attachment":[{"href":"http:\/\/www.noticiashondurashn.com\/index.php?rest_route=%2Fwp%2Fv2%2Fmedia&parent=18449"}],"wp:term":[{"taxonomy":"category","embeddable":true,"href":"http:\/\/www.noticiashondurashn.com\/index.php?rest_route=%2Fwp%2Fv2%2Fcategories&post=18449"},{"taxonomy":"post_tag","embeddable":true,"href":"http:\/\/www.noticiashondurashn.com\/index.php?rest_route=%2Fwp%2Fv2%2Ftags&post=18449"}],"curies":[{"name":"wp","href":"https:\/\/api.w.org\/{rel}","templated":true}]}}