{"id":18355,"date":"2024-06-05T11:26:00","date_gmt":"2024-06-05T17:26:00","guid":{"rendered":"http:\/\/www.noticiashondurashn.com\/?p=18355"},"modified":"2024-06-11T13:42:51","modified_gmt":"2024-06-11T19:42:51","slug":"periodista-hondurena-denuncia-amenazas-de-activistas-ligados-al-oficialismo","status":"publish","type":"post","link":"http:\/\/www.noticiashondurashn.com\/?p=18355","title":{"rendered":"Periodista hondure\u00f1a denuncia  amenazas de activistas ligados al oficialismo"},"content":{"rendered":"\n<p>La periodista Thelma Mej\u00eda L\u00f3pez denunci\u00f3 que est\u00e1 siendo v\u00edctima de vulneraci\u00f3n y amenazas en redes sociales, que atentan contra su integridad y la libertad de prensa en Honduras. <br \/><\/p>\n\n\n\n<p>La periodista que labora para Telenoticias, revel\u00f3 en su cuenta de X \u201cque si ha llegado el momento de \u2018sacarme los ovarios\u2019, que si me van a hackear mi cuenta, que si tengo que callarme, son algunas de las intensidades recibidas en las \u00faltimas horas por las virulentas tropas digitales y activistas ligados al oficialismo. Terribles los ataques\u201d.<br \/><br \/>Mej\u00eda L\u00f3pez denunci\u00f3 p\u00fablicamente que \u201cestamos entrando en una etapa de mucha virulencia donde los medios de comunicaci\u00f3n y los periodistas est\u00e1n siendo el centro de ataques de personas intolerantes, de personas que no respetan lo que debe ser en una democracia el debate de las ideas, y el debate de las ideas es respetar la opini\u00f3n de los otros, me gusten o no me guste\u201d.<br \/><br \/>La reacci\u00f3n de diferentes sectores no se hizo esperar y han condenado el hecho calific\u00e1ndolo de lamentable y que no puede ser un acto aislado y olvidarlo.<\/p>\n\n\n\n<p>Para el caso el Foro Social de la Deuda Externa y Desarrollo de Honduras (FOSDEH) exigi\u00f3 a las autoridades que tomen medidas inmediatas para proteger a Mej\u00eda L\u00f3pez y a todos los comunicadores que valientemente informan sobre la realidad en Honduras, \u00a1No m\u00e1s amenazas a la libertad de expresi\u00f3n!<\/p>\n\n\n\n<p>Expresa adem\u00e1s su en\u00e9rgica condena ante las amenazas y agresiones de las que ha sido v\u00edctima la destacada periodista, ya que estos actos no solo atentan contra su integridad personal y profesional, sino que tambi\u00e9n representan un grave atentado contra la libertad de prensa y expresi\u00f3n en nuestro pa\u00eds.<\/p>\n\n\n\n<p>\u201cEs imperativo que se garantice la protecci\u00f3n efectiva de Thelma Mej\u00eda, as\u00ed como de todas y todos los comunicadores y expertos en temas econ\u00f3micos, sociales y ambientales que se encuentran vulnerados en su libertad de expresi\u00f3n y su seguridad, establece el comunicado del Fosdeh.<\/p>\n\n\n\n<p>Finalmente refiere que la labor de los periodistas y analistas es fundamental para el fortalecimiento de la democracia en Honduras. Las amenazas y agresiones contra los periodistas buscan silenciar voces cr\u00edticas e independientes que son esenciales para la transparencia y la rendici\u00f3n de cuentas en nuestra sociedad.<\/p>\n","protected":false},"excerpt":{"rendered":"<p>La periodista Thelma Mej\u00eda L\u00f3pez denunci\u00f3 que est\u00e1 siendo v\u00edctima de vulneraci\u00f3n y amenazas en redes sociales, que atentan contra<\/p>\n","protected":false},"author":1,"featured_media":18356,"comment_status":"open","ping_status":"open","sticky":false,"template":"","format":"standard","meta":[],"categories":[34,13],"tags":[3,76,35],"_links":{"self":[{"href":"http:\/\/www.noticiashondurashn.com\/index.php?rest_route=\/wp\/v2\/posts\/18355"}],"collection":[{"href":"http:\/\/www.noticiashondurashn.com\/index.php?rest_route=\/wp\/v2\/posts"}],"about":[{"href":"http:\/\/www.noticiashondurashn.com\/index.php?rest_route=\/wp\/v2\/types\/post"}],"author":[{"embeddable":true,"href":"http:\/\/www.noticiashondurashn.com\/index.php?rest_route=\/wp\/v2\/users\/1"}],"replies":[{"embeddable":true,"href":"http:\/\/www.noticiashondurashn.com\/index.php?rest_route=%2Fwp%2Fv2%2Fcomments&post=18355"}],"version-history":[{"count":1,"href":"http:\/\/www.noticiashondurashn.com\/index.php?rest_route=\/wp\/v2\/posts\/18355\/revisions"}],"predecessor-version":[{"id":18357,"href":"http:\/\/www.noticiashondurashn.com\/index.php?rest_route=\/wp\/v2\/posts\/18355\/revisions\/18357"}],"wp:featuredmedia":[{"embeddable":true,"href":"http:\/\/www.noticiashondurashn.com\/index.php?rest_route=\/wp\/v2\/media\/18356"}],"wp:attachment":[{"href":"http:\/\/www.noticiashondurashn.com\/index.php?rest_route=%2Fwp%2Fv2%2Fmedia&parent=18355"}],"wp:term":[{"taxonomy":"category","embeddable":true,"href":"http:\/\/www.noticiashondurashn.com\/index.php?rest_route=%2Fwp%2Fv2%2Fcategories&post=18355"},{"taxonomy":"post_tag","embeddable":true,"href":"http:\/\/www.noticiashondurashn.com\/index.php?rest_route=%2Fwp%2Fv2%2Ftags&post=18355"}],"curies":[{"name":"wp","href":"https:\/\/api.w.org\/{rel}","templated":true}]}}