{"id":18161,"date":"2023-10-21T21:03:15","date_gmt":"2023-10-22T03:03:15","guid":{"rendered":"http:\/\/www.noticiashondurashn.com\/?p=18161"},"modified":"2023-10-21T21:03:17","modified_gmt":"2023-10-22T03:03:17","slug":"empresarios-se-sacan-trapos-al-sol-tras-acusaciones-y-contra-acusaciones","status":"publish","type":"post","link":"http:\/\/www.noticiashondurashn.com\/?p=18161","title":{"rendered":"Empresarios se sacan \u201ctrapos al sol\u201d, tras acusaciones y contra acusaciones"},"content":{"rendered":"\n<p><strong>Daniel Otero acusa a Gabriel Larach de da\u00f1os al ambiente, mientras este lo acusa de enriquecerse de las arcas municipales <\/strong><\/p>\n\n\n\n<p>La disputa de poder entre dos empresarios sampedranos ha llegado hasta la Fiscal\u00eda y ha trascendido p\u00fablicamente y al plano personal denunciando amenazas de muerte, por parte de las partes en conflicto.<\/p>\n\n\n\n<p>La situaci\u00f3n que desencaden\u00f3 el conflicto es la construcci\u00f3n por parte del empresario Gabriel Larach de bodegas en la parte alta de San Pedro Sula, lo que perjudica la visibilidad de la lujosa mansi\u00f3n, del tambi\u00e9n empresario y ex asesor municipal, Daniel Otero Mu\u00f1oz.<\/p>\n\n\n\n<p>En una misiva p\u00fablica, Otero Mu\u00f1oz denunci\u00f3 que Larach le amenaz\u00f3 despu\u00e9s que fuera denunciado en el Ministerio Publico y en la Municipalidad de San Pedro Sula por da\u00f1os agravados al medio ambiente tanto en la Capital Industrial al construir \u201cbodegas ilegales sin ning\u00fan tipo de permiso, como tambi\u00e9n en el Lago de Yojoa (construyendo mansiones sobre el agua)\u201d.<\/p>\n\n\n\n<p>El empresario afirma que a ra\u00edz de esa denuncia, Larach arreci\u00f3 desde hace un mes con la\u00a0campa\u00f1a de desprestigio, a trav\u00e9s de p\u00e1ginas web y correos electr\u00f3nicos virales, ya que \u201cevidentemente no tiene argumentos legales para responder y defenderse de forma correcta ante las autoridades y la justicia del pa\u00eds\u201d.\u00a0<\/p>\n\n\n\n<p>Otero denunci\u00f3 que guardias de Larach han hecho disparos frente a su casa, le han amenazado por tel\u00e9fono, y mandado groser\u00edas y ofensas por el correo electr\u00f3nico.<\/p>\n\n\n\n<p>El conflicto ha llegado al plano personal, ya que Otero afirma que Larach es la oveja negra de la familia y \u201ctiene serios problemas personales. Est\u00e1 sumergido en\u00a0una<strong> <\/strong>vida de vicios y excesos. El est\u00e1 acostumbrado a pararse encima de los dem\u00e1s para lograr sus objetivos (ilegales la mayor\u00eda de las veces), como el caso de la valla unipolar que le dedica de forma atroz al joven Daniel Canahuati. Tambi\u00e9n est\u00e1 acostumbrado a exponer en redes sociales a empleados que ha despedido injustificadamente sin prestaciones sociales\u201d.<\/p>\n\n\n\n<p>ENRIQUECIMIENTO DE LAS ARCAS MUNICIPALES <\/p>\n\n\n\n<p>Para Larach la g\u00e9nesis de la controversia, es el encaprichamiento de Daniel Otero de oponerse a la construcci\u00f3n de las bodegas atr\u00e1s de \u00a0su mansi\u00f3n y que \u201ces molesto a su vista y seg\u00fan el distorsiona la imagen de su mini palacio, lo cual es un motivo arbitrario, ya que yo construyo mis edificaciones en cualquier parte del territorio nacional respetando los debidos retiros y bajo lineamientos municipales con todos los permisos y licencias ambientales aprobados y autorizados en debido orden y forma\u201d.<\/p>\n\n\n\n<p>Denunci\u00f3 que un\u00a0acto de flagrante de invasi\u00f3n, Otero irrumpi\u00f3 abruptamente en su propiedad a cortar los \u00e1rboles que eran un estorbo a sus ego\u00edstas intereses, lo que representa abuso y un total allanamiento a mis derechos de propietario, yo lo \u00fanico que hago es defender mis derechos ciudadanos de ejercer dominio sobre mis bienes.\u00a0<\/p>\n\n\n\n<p>\u201cSi hablamos de excesos podr\u00edamos examinar los de el Sr. Otero los cuales han sido enriquecerse creando una maquinaria de negocios dedicada a drenar las finanzas municipales\u201d, afirma la nota publica que public\u00f3 Larach en respuesta a Otero.<\/p>\n\n\n\n<p>Larach invit\u00f3 a Otero Mu\u00f1oz a realizar un examen de conciencia y revisar todos sus frentes que son fuente de tales arremetimientos en su contra y que aprovechan esta reyerta p\u00fablica para expresar la aversi\u00f3n y aborrecimiento que ha desarrollado, pues tiene\u00a0tantos enemigos por sus manejos en el Club Deportivo Marathon, se\u00f1alado por conductas inmorales y asquerosas con menores de edad, por sus acreedores a los cuales descaradamente despojo del fruto de su honroso trabajo construyendo su palacete y dejarlos sin su paga, cuyas bases de dicha mansi\u00f3n son la trampa, el robo y la estafa.<\/p>\n\n\n\n<p>Afirm\u00f3 que ya hizo la denuncia ante el CONADEH, la Secretar\u00eda de Derechos Humanos, as\u00ed mismo ante la Embajada de EE.UU, ya que Otero es ciudadano norteamericano, en vista que est\u00e1 amenazada su integridad f\u00edsica y la de su familia y lo responsabilizo p\u00fablicamente si algo le sucede.<\/p>\n\n\n\n<p>Por otro lado, asegura que no le teme Otero y \u201clo confrontar\u00e9 en los tribunales, soy la primera persona que lo desenmascara, lo saca de su anonimato desde el cual ha venido operando y perjudicando las arcas municipales y estatales\u201d, al tiempo que calific\u00f3 de infundadas las denuncias presentadas en su contra.<\/p>\n\n\n\n<p>Agrega que se encargar\u00e1 que se haga justicia en las respectivas instancias \u201cpara que no siga atropellando a personas correctas haciendo uso acostumbrado de sobornos, coimas, manipulaci\u00f3n, extorsi\u00f3n y amenazas\u201d.<\/p>\n\n\n\n<p>Finalmente se pregunta \u201cque empresas tiene para sustentar su capital y su mansi\u00f3n, as\u00ed como propiedades en Estados Unidos y otros pa\u00edses, como emprendedor que soy y proveniente de una familia trabajadora se de primera mano que para amasar un gran capital prob\u00f3 y honesto hace falta m\u00e1s de una generaci\u00f3n para generarlo\u201d.<\/p>\n","protected":false},"excerpt":{"rendered":"<p>Daniel Otero acusa a Gabriel Larach de da\u00f1os al ambiente, mientras este lo acusa de enriquecerse de las arcas municipales<\/p>\n","protected":false},"author":1,"featured_media":18162,"comment_status":"open","ping_status":"open","sticky":false,"template":"","format":"standard","meta":[],"categories":[13],"tags":[54,3,105],"_links":{"self":[{"href":"http:\/\/www.noticiashondurashn.com\/index.php?rest_route=\/wp\/v2\/posts\/18161"}],"collection":[{"href":"http:\/\/www.noticiashondurashn.com\/index.php?rest_route=\/wp\/v2\/posts"}],"about":[{"href":"http:\/\/www.noticiashondurashn.com\/index.php?rest_route=\/wp\/v2\/types\/post"}],"author":[{"embeddable":true,"href":"http:\/\/www.noticiashondurashn.com\/index.php?rest_route=\/wp\/v2\/users\/1"}],"replies":[{"embeddable":true,"href":"http:\/\/www.noticiashondurashn.com\/index.php?rest_route=%2Fwp%2Fv2%2Fcomments&post=18161"}],"version-history":[{"count":1,"href":"http:\/\/www.noticiashondurashn.com\/index.php?rest_route=\/wp\/v2\/posts\/18161\/revisions"}],"predecessor-version":[{"id":18163,"href":"http:\/\/www.noticiashondurashn.com\/index.php?rest_route=\/wp\/v2\/posts\/18161\/revisions\/18163"}],"wp:featuredmedia":[{"embeddable":true,"href":"http:\/\/www.noticiashondurashn.com\/index.php?rest_route=\/wp\/v2\/media\/18162"}],"wp:attachment":[{"href":"http:\/\/www.noticiashondurashn.com\/index.php?rest_route=%2Fwp%2Fv2%2Fmedia&parent=18161"}],"wp:term":[{"taxonomy":"category","embeddable":true,"href":"http:\/\/www.noticiashondurashn.com\/index.php?rest_route=%2Fwp%2Fv2%2Fcategories&post=18161"},{"taxonomy":"post_tag","embeddable":true,"href":"http:\/\/www.noticiashondurashn.com\/index.php?rest_route=%2Fwp%2Fv2%2Ftags&post=18161"}],"curies":[{"name":"wp","href":"https:\/\/api.w.org\/{rel}","templated":true}]}}