{"id":18117,"date":"2023-09-20T22:08:49","date_gmt":"2023-09-21T04:08:49","guid":{"rendered":"http:\/\/www.noticiashondurashn.com\/?p=18117"},"modified":"2023-09-20T22:26:23","modified_gmt":"2023-09-21T04:26:23","slug":"mencion-honorifica-para-periodista-de-noticias-honduras-hn-josue-quintana","status":"publish","type":"post","link":"http:\/\/www.noticiashondurashn.com\/?p=18117","title":{"rendered":"Menci\u00f3n honor\u00edfica para periodista de Noticias Honduras HN, Josu\u00e9 Quintana"},"content":{"rendered":"\n<p>En un evento donde se reconoci\u00f3 el talento de periodistas,&nbsp;fot\u00f3grafos&nbsp;y vide\u00f3grafos&nbsp;de diversos medios de comunicaci\u00f3n que a trav\u00e9s de sus obras destacan la riqueza tur\u00edstica del pa\u00eds, el periodista de <a href=\"http:\/\/www.noticiashondurashn.com\/\" data-type=\"URL\" data-id=\"http:\/\/www.noticiashondurashn.com\/\">Noticias Honduras HN<\/a> Josu\u00e9 Quintana recibi\u00f3 menci\u00f3n honor\u00edfica.<\/p>\n\n\n\n<p>Con su reportaje <a href=\"http:\/\/www.noticiashondurashn.com\/?p=18051\" data-type=\"URL\" data-id=\"http:\/\/www.noticiashondurashn.com\/?p=18051\">Cuero y Salado un estupendo santuario natural para hacer ecoturismo en Atl\u00e1ntida<\/a> el Instituto Hondure\u00f1o del Turismo premi\u00f3 el trabajo de Quintana en la categor\u00eda de medio digital, durante el I Concurso de Reportajes Tur\u00edsticos \u201cHonduras es as\u00ed\u201d 2023.<\/p>\n\n\n\n<p>El&nbsp;concurso comprendi\u00f3 tres categor\u00edas de reportajes tur\u00edsticos: medio impreso, digital y televisivo y el jurado estuvo compuesto por&nbsp;los&nbsp;profesionales&nbsp;del periodismo&nbsp;y turismo&nbsp;Arturo Sosa,&nbsp;No\u00e9 Leiva y Reynaldo Garc\u00eda,&nbsp;eligiendo a los ganadores de las tres categor\u00edas y tres trabajos m\u00e1s con menci\u00f3n honor\u00edfica.&nbsp;<\/p>\n\n\n\n<p>En la categor\u00eda de reportaje tur\u00edstico en medio impreso los ganadores fueron Sama\u00ed Torres y Emilio Flores de Diario El Heraldo, mientras que la menci\u00f3n honor\u00edfica fue para Kristian Soriano y Amalia Rivera de Diario La Tribuna.<\/p>\n\n\n\n<p>En la categor\u00eda de medio digital, \u00d3scar Alejandro Banegas y Paula Castro de Hondudiario se alzaron como ganadores, y la menci\u00f3n honor\u00edfica fue para el licenciado en Periodismo Josu\u00e9 Quintana de <a href=\"http:\/\/www.noticiashondurashn.com\/\" data-type=\"URL\" data-id=\"http:\/\/www.noticiashondurashn.com\/\">Noticias Honduras HN<\/a>, quien destaco con su reportaje la <a href=\"http:\/\/www.noticiashondurashn.com\/?p=18074\" data-type=\"URL\" data-id=\"http:\/\/www.noticiashondurashn.com\/?p=18074\">belleza natural del Refugio de Vida Silvestre Cuero y Salado<\/a>.<br \/><\/p>\n\n\n\n<figure class=\"wp-block-image size-large\"><img decoding=\"async\" loading=\"lazy\" width=\"650\" height=\"433\" src=\"http:\/\/www.noticiashondurashn.com\/wp-content\/uploads\/2023\/08\/49f54e17-817d-4d43-97b3-c5e81572673d-650x433.jpeg\" alt=\"\" class=\"wp-image-18056\" srcset=\"http:\/\/www.noticiashondurashn.com\/wp-content\/uploads\/2023\/08\/49f54e17-817d-4d43-97b3-c5e81572673d-650x433.jpeg 650w, http:\/\/www.noticiashondurashn.com\/wp-content\/uploads\/2023\/08\/49f54e17-817d-4d43-97b3-c5e81572673d-300x200.jpeg 300w, http:\/\/www.noticiashondurashn.com\/wp-content\/uploads\/2023\/08\/49f54e17-817d-4d43-97b3-c5e81572673d-768x511.jpeg 768w, http:\/\/www.noticiashondurashn.com\/wp-content\/uploads\/2023\/08\/49f54e17-817d-4d43-97b3-c5e81572673d-1536x1022.jpeg 1536w, http:\/\/www.noticiashondurashn.com\/wp-content\/uploads\/2023\/08\/49f54e17-817d-4d43-97b3-c5e81572673d.jpeg 1600w\" sizes=\"(max-width: 650px) 100vw, 650px\" \/><\/figure>\n\n\n\n<p>Por \u00faltimo, en la categor\u00eda de medio televisivo, los galardonados fueron Luis Ramos y Flor Serrano de Maya TV y&nbsp;con menci\u00f3n honor\u00edfica para Pedro Ram\u00edrez y Marco Antonio Portillo&nbsp;de Canal 20 Cop\u00e1n CTV.&nbsp;<\/p>\n\n\n\n<p>Adem\u00e1s, el resto de los participantes fueron de los medios de comunicaci\u00f3n de Honduras Verifica, Periodistas HN, VTV, RTV,&nbsp;Maya&nbsp;TV, Canal&nbsp;20&nbsp;Cop\u00e1n CTV, <a href=\"http:\/\/www.noticiashondurashn.com\/\" data-type=\"URL\" data-id=\"http:\/\/www.noticiashondurashn.com\/\">Noticias Honduras HN<\/a> y Polaroid Nomads, quienes fueron premiados por sus grandes trabajos que&nbsp;presentaron en el&nbsp;concurso de reportajes.&nbsp;<\/p>\n\n\n\n<p>Los premios para los ganadores fueron\u00a0una placa de reconocimiento, un diploma, un paquete tur\u00edstico a las bellas playas de Tela y un kit de regalo. <br \/><\/p>\n\n\n\n<figure class=\"wp-block-image size-large\"><img decoding=\"async\" loading=\"lazy\" width=\"650\" height=\"501\" src=\"https:\/\/www.noticiashondurashn.com\/wp-content\/uploads\/2023\/09\/c1a0bf18-7b64-4936-8a03-a600f018566e-650x501.jpeg\" alt=\"\" class=\"wp-image-18123\" srcset=\"http:\/\/www.noticiashondurashn.com\/wp-content\/uploads\/2023\/09\/c1a0bf18-7b64-4936-8a03-a600f018566e-650x501.jpeg 650w, http:\/\/www.noticiashondurashn.com\/wp-content\/uploads\/2023\/09\/c1a0bf18-7b64-4936-8a03-a600f018566e-300x231.jpeg 300w, http:\/\/www.noticiashondurashn.com\/wp-content\/uploads\/2023\/09\/c1a0bf18-7b64-4936-8a03-a600f018566e-768x592.jpeg 768w, http:\/\/www.noticiashondurashn.com\/wp-content\/uploads\/2023\/09\/c1a0bf18-7b64-4936-8a03-a600f018566e-1536x1185.jpeg 1536w, http:\/\/www.noticiashondurashn.com\/wp-content\/uploads\/2023\/09\/c1a0bf18-7b64-4936-8a03-a600f018566e-2048x1579.jpeg 2048w\" sizes=\"(max-width: 650px) 100vw, 650px\" \/><\/figure>\n\n\n\n<p>Para los galardonados con menci\u00f3n honor\u00edfica se les entrego diploma, un kit y una estad\u00eda por parte de la Asociaci\u00f3n de Hoteles Peque\u00f1os de Honduras (Hopeh).&nbsp;Asimismo, el resto de los participantes recibieron&nbsp;premios por parte el Hotel Clarion, La Taberna Artesanal, Los Aromas del Per\u00fa, COESA, Industrias Panavisi\u00f3n (IPSA) y Vi\u00f1a Zancara.&nbsp;<br \/><\/p>\n\n\n\n<p>Los premios y reconocimientos fueron entregados por las m\u00e1ximas&nbsp;autoridades&nbsp;encabezados&nbsp;por la&nbsp;ministra de Turismo,&nbsp;Yadira G\u00f3mez;&nbsp;los viceministros,&nbsp;Reizel Vilorio y Luis&nbsp;Ch\u00e9vez; el secretario general,&nbsp;Mario Nuila y la gerente&nbsp;de&nbsp;Mercadeo,&nbsp;Stephany Mena.&nbsp;<\/p>\n\n\n\n<p>Con el&nbsp;I Concurso de Reportajes Tur\u00edsticos \"Honduras es as\u00ed\" 2023,&nbsp;se motiv\u00f3 a&nbsp;que los medios de comunicaci\u00f3n participaran y promovieran&nbsp;la belleza natural y cultural del pa\u00eds.&nbsp;<\/p>\n","protected":false},"excerpt":{"rendered":"<p>En un evento donde se reconoci\u00f3 el talento de periodistas,&nbsp;fot\u00f3grafos&nbsp;y vide\u00f3grafos&nbsp;de diversos medios de comunicaci\u00f3n que a trav\u00e9s de sus<\/p>\n","protected":false},"author":1,"featured_media":18118,"comment_status":"open","ping_status":"open","sticky":false,"template":"","format":"standard","meta":[],"categories":[13,2],"tags":[3,118,105,84],"_links":{"self":[{"href":"http:\/\/www.noticiashondurashn.com\/index.php?rest_route=\/wp\/v2\/posts\/18117"}],"collection":[{"href":"http:\/\/www.noticiashondurashn.com\/index.php?rest_route=\/wp\/v2\/posts"}],"about":[{"href":"http:\/\/www.noticiashondurashn.com\/index.php?rest_route=\/wp\/v2\/types\/post"}],"author":[{"embeddable":true,"href":"http:\/\/www.noticiashondurashn.com\/index.php?rest_route=\/wp\/v2\/users\/1"}],"replies":[{"embeddable":true,"href":"http:\/\/www.noticiashondurashn.com\/index.php?rest_route=%2Fwp%2Fv2%2Fcomments&post=18117"}],"version-history":[{"count":3,"href":"http:\/\/www.noticiashondurashn.com\/index.php?rest_route=\/wp\/v2\/posts\/18117\/revisions"}],"predecessor-version":[{"id":18124,"href":"http:\/\/www.noticiashondurashn.com\/index.php?rest_route=\/wp\/v2\/posts\/18117\/revisions\/18124"}],"wp:featuredmedia":[{"embeddable":true,"href":"http:\/\/www.noticiashondurashn.com\/index.php?rest_route=\/wp\/v2\/media\/18118"}],"wp:attachment":[{"href":"http:\/\/www.noticiashondurashn.com\/index.php?rest_route=%2Fwp%2Fv2%2Fmedia&parent=18117"}],"wp:term":[{"taxonomy":"category","embeddable":true,"href":"http:\/\/www.noticiashondurashn.com\/index.php?rest_route=%2Fwp%2Fv2%2Fcategories&post=18117"},{"taxonomy":"post_tag","embeddable":true,"href":"http:\/\/www.noticiashondurashn.com\/index.php?rest_route=%2Fwp%2Fv2%2Ftags&post=18117"}],"curies":[{"name":"wp","href":"https:\/\/api.w.org\/{rel}","templated":true}]}}