{"id":18084,"date":"2023-08-20T14:31:45","date_gmt":"2023-08-20T20:31:45","guid":{"rendered":"http:\/\/www.noticiashondurashn.com\/?p=18084"},"modified":"2023-08-20T14:33:16","modified_gmt":"2023-08-20T20:33:16","slug":"incendio-amenaza","status":"publish","type":"post","link":"http:\/\/www.noticiashondurashn.com\/?p=18084","title":{"rendered":"Incendio amenaza Refugio de Vida Silvestre Cuero y Salado"},"content":{"rendered":"\n<p>Un incendio que se desat\u00f3 la tarde del viernes consume m\u00e1s de 120 hect\u00e1reas de bosque de la zona n\u00facleo del Refugio de Vida Silvestre Cuero y Salado, en el departamento de Atl\u00e1ntida.<br \/>El fuego se propaga r\u00e1pidamente y amenaza a algunas comunidades aleda\u00f1as, adem\u00e1s, confirman p\u00e9rdidas de la fauna.<\/p>\n\n\n\n<p><strong>La Fundaci\u00f3n Cuero y Salado (FUCSA) pidi\u00f3 el apoyo para el control del incendio, pero el gobierno todav\u00eda no da respuesta.<\/strong><\/p>\n\n\n\n<p>El incendio comenz\u00f3 en el l\u00edmite Sur del \u00e1rea protegida, Refugio de Vida Silvestre Barras de Cuero y Salado, en el Municipio de San Francisco Atl\u00e1ntida, con presencia de comunidades muy pr\u00f3ximas al \u00e1rea afectada.<\/p>\n\n\n\n<p>El s\u00e1bado se confirm\u00f3 que otro incendio avanza de la zona Centro del \u00e1rea protegida hacia el l\u00edmite Sur, inform\u00f3 FUCSA en un comunicado.<\/p>\n\n\n\n<figure class=\"wp-block-image size-large\"><img decoding=\"async\" loading=\"lazy\" width=\"650\" height=\"308\" src=\"https:\/\/www.noticiashondurashn.com\/wp-content\/uploads\/2023\/08\/e23cfebe-817c-48ef-a541-daab832fac15-650x308.jpeg\" alt=\"\" class=\"wp-image-18085\" srcset=\"http:\/\/www.noticiashondurashn.com\/wp-content\/uploads\/2023\/08\/e23cfebe-817c-48ef-a541-daab832fac15-650x308.jpeg 650w, http:\/\/www.noticiashondurashn.com\/wp-content\/uploads\/2023\/08\/e23cfebe-817c-48ef-a541-daab832fac15-300x142.jpeg 300w, http:\/\/www.noticiashondurashn.com\/wp-content\/uploads\/2023\/08\/e23cfebe-817c-48ef-a541-daab832fac15-768x363.jpeg 768w, http:\/\/www.noticiashondurashn.com\/wp-content\/uploads\/2023\/08\/e23cfebe-817c-48ef-a541-daab832fac15-1536x727.jpeg 1536w, http:\/\/www.noticiashondurashn.com\/wp-content\/uploads\/2023\/08\/e23cfebe-817c-48ef-a541-daab832fac15.jpeg 1600w\" sizes=\"(max-width: 650px) 100vw, 650px\" \/><figcaption>Fotograf\u00eda cortes\u00eda de Fucsa.<\/figcaption><\/figure>\n\n\n\n<p>El \u00e1rea afectada contabilizada hasta ayer corresponde a 120 Hect\u00e1reas de zona n\u00facleo y amortiguamiento conformadas por bosque inundado mixto y \u00e1reas en recuperaci\u00f3n natural, donde residen diferentes especies de fauna.<\/p>\n\n\n\n<p>Como resultado de diferentes coordinaciones, el Instituto de Conservaci\u00f3n Forestal de la Regi\u00f3n Atl\u00e1ntica, Fundaci\u00f3n Cuero y Salado, Municipalidad de San Francisco Atl\u00e1ntida, Batall\u00f3n Verde, Cuerpo de Bomberos de La Masica Atl\u00e1ntida y pobladores de las comunidades adyacentes al sitio del incendio, realizan acciones de contenci\u00f3n y control bajo un trabajo colaborativo, aportando equipo, log\u00edstica y personal para atender la emergencia.<\/p>\n\n\n\n<p>Debido al avance por ambos puntos, el dif\u00edcil acceso, la velocidad de propagaci\u00f3n por las altas temperaturas, la direcci\u00f3n del viento y tipo de vegetaci\u00f3n, se ha solicitado el apoyo a\u00e9reo para una extinci\u00f3n inmediata y efectiva, ya que existe el riesgo de propagaci\u00f3n hacia las comunidades aleda\u00f1as y la perdida de cobertura vegetal y fauna presente; <\/p>\n\n\n\n<p>Sin embargo, \u201cno se tiene una respuesta concreta sobre este apoyo, por lo que se continuar\u00e1n haciendo las gestiones, el equipo interinstitucional antes mencionado se mantiene en alerta para continuar con las acciones de contenci\u00f3n y control\u201d, afirma el comunicado.<\/p>\n\n\n\n<p>Agrega que la prioridad en este momento es evitar que el incendio se propague y extinguirlo; no obstante, solicitan a las instancias correspondientes se realicen las investigaciones correspondientes para determinar las causas que lo originaron y en caso de tratarse de una acci\u00f3n provocada, se proceda seg\u00fan lo estipula la Ley, al tratarse de zonas fr\u00e1giles bajo categor\u00eda de protecci\u00f3n a nivel nacional e internacional y han puesto en un alto riesgo a las comunidades que residen en la zona.<\/p>\n","protected":false},"excerpt":{"rendered":"<p>Un incendio que se desat\u00f3 la tarde del viernes consume m\u00e1s de 120 hect\u00e1reas de bosque de la zona n\u00facleo<\/p>\n","protected":false},"author":1,"featured_media":18086,"comment_status":"open","ping_status":"open","sticky":false,"template":"","format":"standard","meta":[],"categories":[91,13],"tags":[3,118,105],"_links":{"self":[{"href":"http:\/\/www.noticiashondurashn.com\/index.php?rest_route=\/wp\/v2\/posts\/18084"}],"collection":[{"href":"http:\/\/www.noticiashondurashn.com\/index.php?rest_route=\/wp\/v2\/posts"}],"about":[{"href":"http:\/\/www.noticiashondurashn.com\/index.php?rest_route=\/wp\/v2\/types\/post"}],"author":[{"embeddable":true,"href":"http:\/\/www.noticiashondurashn.com\/index.php?rest_route=\/wp\/v2\/users\/1"}],"replies":[{"embeddable":true,"href":"http:\/\/www.noticiashondurashn.com\/index.php?rest_route=%2Fwp%2Fv2%2Fcomments&post=18084"}],"version-history":[{"count":2,"href":"http:\/\/www.noticiashondurashn.com\/index.php?rest_route=\/wp\/v2\/posts\/18084\/revisions"}],"predecessor-version":[{"id":18088,"href":"http:\/\/www.noticiashondurashn.com\/index.php?rest_route=\/wp\/v2\/posts\/18084\/revisions\/18088"}],"wp:featuredmedia":[{"embeddable":true,"href":"http:\/\/www.noticiashondurashn.com\/index.php?rest_route=\/wp\/v2\/media\/18086"}],"wp:attachment":[{"href":"http:\/\/www.noticiashondurashn.com\/index.php?rest_route=%2Fwp%2Fv2%2Fmedia&parent=18084"}],"wp:term":[{"taxonomy":"category","embeddable":true,"href":"http:\/\/www.noticiashondurashn.com\/index.php?rest_route=%2Fwp%2Fv2%2Fcategories&post=18084"},{"taxonomy":"post_tag","embeddable":true,"href":"http:\/\/www.noticiashondurashn.com\/index.php?rest_route=%2Fwp%2Fv2%2Ftags&post=18084"}],"curies":[{"name":"wp","href":"https:\/\/api.w.org\/{rel}","templated":true}]}}