{"id":18016,"date":"2023-05-28T18:49:46","date_gmt":"2023-05-29T00:49:46","guid":{"rendered":"http:\/\/www.noticiashondurashn.com\/?p=18016"},"modified":"2023-05-28T18:49:49","modified_gmt":"2023-05-29T00:49:49","slug":"empresas-dan-a-conocer-alianzas-para-la-sostenibilidad-durante-semana-promovida-por-fundahrse","status":"publish","type":"post","link":"http:\/\/www.noticiashondurashn.com\/?p=18016","title":{"rendered":"Empresas dan a conocer alianzas para la Sostenibilidad durante semana promovida por FUNDAHRSE"},"content":{"rendered":"\n<p><strong><em>Tegucigalpa,<\/em><\/strong>\u00a0La Fundaci\u00f3n Hondure\u00f1a de Responsabilidad Social Empresarial\u00a0(Fundahrse)\u00a0clausur\u00f3\u00a0el fin de semana la semana de la Sostenibilidad, cuyo\u00a0slogan fue\u00a0\u201c<strong><em>Conect\u00e1ndonos con un futuro sostenible, haci\u00e9ndolo realidad<\/em><\/strong>\u201d.<\/p>\n\n\n\n<p>Durante el evento\u00a0se generaron acciones que contribuir\u00e1n\u00a0a garantizar un futuro sostenible accesible para todos a trav\u00e9s de la conexi\u00f3n del sector empresarial y otros actores con los retos y oportunidades en el entorno de la Sostenibilidad.<\/p>\n\n\n\n<p>El presidente de Fundarse, Mario Faraj en la inauguraci\u00f3n enfatiz\u00f3 sobre el logro integral del desarrollo sostenible y el deseo de avanzar como una sociedad inclusiva y pr\u00f3spera, \u201cnuestro mayor anhelo es que nuestro pa\u00eds goce de prosperidad. Deseamos una Honduras en la que encontremos condiciones para seguir creciendo aqu\u00ed. Esa es la raz\u00f3n por la que estamos trabajando d\u00eda a d\u00eda por impulsar iniciativas alineadas con la agenda 2030\u201d.<\/p>\n\n\n\n<p>En la semana se presentaron diferentes conferencias, entre ellas \u201cInversiones Clim\u00e1ticas Responsables\u201d por Estrella Peinado, oficial de inversiones senior del Banco Interamericano de Desarrollo (BID).<\/p>\n\n\n\n<p>Igualmente dos conferencias a cargo de C\u00e9sar Rodr\u00edguez de Marsh\u00a0Advisory\u00a0para Caribe de Rep\u00fablica Dominicana e Italo Pizzolante Negr\u00f3n de Espa\u00f1a, quienes compartieron sobre la importancia de la gesti\u00f3n y mitigaci\u00f3n de los riesgos empresariales, tanto tangibles como intangibles.<\/p>\n\n\n\n<p>El mi\u00e9rcoles, representantes de gobierno, sector privado, Naciones Unidas y sociedad civil inauguraron la EXPO Sostenibilidad que present\u00f3 diferentes proyectos y programas de las empresas miembro, que est\u00e1n enfocados en los avances de los Objetivos de Desarrollo Sostenible de la Agenda 2030 y que tienen enfoque en el apoyo y gesti\u00f3n a favor de los grupos de inter\u00e9s.<\/p>\n\n\n\n<figure class=\"wp-block-image size-large\"><img decoding=\"async\" loading=\"lazy\" width=\"650\" height=\"413\" src=\"https:\/\/www.noticiashondurashn.com\/wp-content\/uploads\/2023\/05\/8ede0855-e20e-4e23-a0ca-beb404968f5a-650x413.jpeg\" alt=\"\" class=\"wp-image-18018\" srcset=\"http:\/\/www.noticiashondurashn.com\/wp-content\/uploads\/2023\/05\/8ede0855-e20e-4e23-a0ca-beb404968f5a-650x413.jpeg 650w, http:\/\/www.noticiashondurashn.com\/wp-content\/uploads\/2023\/05\/8ede0855-e20e-4e23-a0ca-beb404968f5a-300x190.jpeg 300w, http:\/\/www.noticiashondurashn.com\/wp-content\/uploads\/2023\/05\/8ede0855-e20e-4e23-a0ca-beb404968f5a-768x487.jpeg 768w, http:\/\/www.noticiashondurashn.com\/wp-content\/uploads\/2023\/05\/8ede0855-e20e-4e23-a0ca-beb404968f5a.jpeg 1418w\" sizes=\"(max-width: 650px) 100vw, 650px\" \/><\/figure>\n\n\n\n<p>Los participantes recibieron la ponencia \u201cVisi\u00f3n Integral de G\u00e9nero en el Desarrollo Empresariall por Herminia Palacios del Programa Empoderamiento Econ\u00f3mico de Mujeres de Naciones Unidas, quien enfatiz\u00f3 que las empresas de hoy deben trabajar por la igualdad de oportunidades para todos y todas en sus organizaciones.<\/p>\n\n\n\n<p>En la semana tambi\u00e9n se desarrollo el panel \u201cLa Prosperidad Tiene Cara de\u00a0Mujer\u00a0Versi\u00f3n\u00a02.0\u201d con las\u00a0participaciones\u00a0de Karla \u00c1vila; Allen Bautista; Georgina Barahona; Gerardo Murillo\u00a0y Claudia D\u00edaz de Fundahrse como moderadora. Los panelistas compartieron los\u00a0diferentes\u00a0programas\u00a0con\u00a0enfoque\u00a0de\u00a0g\u00e9nero, las\u00a0cuales reflejaron\u00a0los\u00a0excelentes\u00a0resultados\u00a0que\u00a0han\u00a0obtenido\u00a0a lo\u00a0interno\u00a0y externo de la empresa.<\/p>\n\n\n\n<p>En la Conferencia Magistral \u201cGestionando los Riesgos Clim\u00e1ticos para la continuidad de negocios\u201d con Yezid Ni\u00f1o de la Oficina Regional de Naciones Unidas para la Reducci\u00f3n del Riesgo de Desastres y Elisa Trujillo de\u00a0Mexico. Trujillo expres\u00f3 que las empresas no pueden ser exitosas a largo plazo en sociedades que se encuentran d\u00e9biles,\u00a0ya que,\u00a0el\u00a0\u00edndice de analfabetismo y la falta de personal capacitado, en un momento afecta el desarrollo en las comunidades.<\/p>\n\n\n\n<p>Posteriormente, los participantes pudieron aprender sobre un tema de derechos humanos, a trav\u00e9s de la\u00a0Conferencia Magistral \u201cImportancia de los mecanismos de fortalecimiento de empleo y educaci\u00f3n para la prevenci\u00f3n de la violencia y migraci\u00f3n\u201d con la participaci\u00f3n de Mar\u00eda\u00a0Isabel\u00a0Flores de\u00a0la Organizaci\u00f3n Internacional para las Migraciones en Honduras.<\/p>\n\n\n\n<p>Para finalizar, se realiz\u00f3 el panel \u201cDesarrollando una Honduras Sostenible\u201d en el que participaron Sonia Mej\u00eda; Carmen\u00a0Misalem; Karla Sim\u00f3n; Mariel Rivera e Italo Pizzolante\u00a0como moderador, en el que se comparti\u00f3\u00a0sobre los programas y proyectos que est\u00e1n dirigidos a grupos vulnerables y que se han convertido en capacidades y soporte para las comunidades donde tienen operaciones.<\/p>\n\n\n\n<p>El\u00a0\u00faltimo d\u00eda de la Semana de la Sostenibilidad estuvo conformado por visitas empresariales a cuatro organizaciones:\u00a0World\u00a0Vision\u00a0con su\u00a0Programa Urbano del Cerro de Plata ubicado en\u00a0Ojojona, Francisco Moraz\u00e1n; Fundaci\u00f3n Terra, con su\u00a0Programa de\u00a0Oportunidades a trav\u00e9s de la\u00a0Tecnolog\u00eda en las Am\u00e9ricas\u00a0(Centro Poeta);\u00a0Unitec\u00a0con el\u00a0Programa de Atenci\u00f3n Inclusiva, dirigido a personas con discapacidad y la Fundaci\u00f3n Ficohsa, con el\u00a0Programa Educando Nuestro Futuro.<\/p>\n\n\n\n<p>Este a\u00f1o\u00a0mas\u00a0de 25 empresas y organizaciones dieron a conocer las diferentes alianzas que han logrado encaminar a la sostenibilidad, esta actividad es din\u00e1mica, apreciativa y es de inspiraci\u00f3n para otras empresas que quieren lograrlo tambi\u00e9n.<\/p>\n\n\n\n<p>Mey\u00a0Hung, representante de la junta directiva de Fundahrse, hizo \u00e9nfasis en que \u201cEs necesario reconocer que la conexi\u00f3n comienza por nosotros mismos y nuestra capacidad de vernos con la madurez necesaria para transformar todo aquello que podamos, como l\u00edderes responsables y como ciudadanos comprometidos con el bienestar de la sociedad de la que somos parte\u201d.<\/p>\n","protected":false},"excerpt":{"rendered":"<p>Tegucigalpa,\u00a0La Fundaci\u00f3n Hondure\u00f1a de Responsabilidad Social Empresarial\u00a0(Fundahrse)\u00a0clausur\u00f3\u00a0el fin de semana la semana de la Sostenibilidad, cuyo\u00a0slogan fue\u00a0\u201cConect\u00e1ndonos con un futuro<\/p>\n","protected":false},"author":1,"featured_media":18017,"comment_status":"open","ping_status":"open","sticky":false,"template":"","format":"standard","meta":[],"categories":[26,13],"tags":[32,3],"_links":{"self":[{"href":"http:\/\/www.noticiashondurashn.com\/index.php?rest_route=\/wp\/v2\/posts\/18016"}],"collection":[{"href":"http:\/\/www.noticiashondurashn.com\/index.php?rest_route=\/wp\/v2\/posts"}],"about":[{"href":"http:\/\/www.noticiashondurashn.com\/index.php?rest_route=\/wp\/v2\/types\/post"}],"author":[{"embeddable":true,"href":"http:\/\/www.noticiashondurashn.com\/index.php?rest_route=\/wp\/v2\/users\/1"}],"replies":[{"embeddable":true,"href":"http:\/\/www.noticiashondurashn.com\/index.php?rest_route=%2Fwp%2Fv2%2Fcomments&post=18016"}],"version-history":[{"count":1,"href":"http:\/\/www.noticiashondurashn.com\/index.php?rest_route=\/wp\/v2\/posts\/18016\/revisions"}],"predecessor-version":[{"id":18019,"href":"http:\/\/www.noticiashondurashn.com\/index.php?rest_route=\/wp\/v2\/posts\/18016\/revisions\/18019"}],"wp:featuredmedia":[{"embeddable":true,"href":"http:\/\/www.noticiashondurashn.com\/index.php?rest_route=\/wp\/v2\/media\/18017"}],"wp:attachment":[{"href":"http:\/\/www.noticiashondurashn.com\/index.php?rest_route=%2Fwp%2Fv2%2Fmedia&parent=18016"}],"wp:term":[{"taxonomy":"category","embeddable":true,"href":"http:\/\/www.noticiashondurashn.com\/index.php?rest_route=%2Fwp%2Fv2%2Fcategories&post=18016"},{"taxonomy":"post_tag","embeddable":true,"href":"http:\/\/www.noticiashondurashn.com\/index.php?rest_route=%2Fwp%2Fv2%2Ftags&post=18016"}],"curies":[{"name":"wp","href":"https:\/\/api.w.org\/{rel}","templated":true}]}}