{"id":18000,"date":"2023-05-15T21:24:00","date_gmt":"2023-05-16T03:24:00","guid":{"rendered":"http:\/\/www.noticiashondurashn.com\/?p=18000"},"modified":"2023-05-16T21:48:10","modified_gmt":"2023-05-17T03:48:10","slug":"fiscalia-debera-investigar-todo-agravio-contra-periodistas-establece-ley-modelo-de-unesco","status":"publish","type":"post","link":"http:\/\/www.noticiashondurashn.com\/?p=18000","title":{"rendered":"Fiscal\u00eda deber\u00e1 investigar todo agravio contra periodistas, establece Ley modelo de UNESCO"},"content":{"rendered":"\n<p>Una Ley modelo que propone la Organizaci\u00f3n de Naciones Unidas para la Educaci\u00f3n, la Ciencia y la Cultura (UNESCO) obligar\u00eda a que las fiscal\u00edas investiguen todo agravio a periodistas.<\/p>\n\n\n\n<p>La ley modelo propuesta busca entregar un marco com\u00fan a los pa\u00edses de la regi\u00f3n para que la traduzcan en normas nacionales. Fue elaborada en 2022 por los periodistas Mauricio Weibel y Ricardo Rivas con el apoyo de la fundaci\u00f3n Heinrich B\u00f6ll Stiftung, Socolac (HBS) en el marco de debates impulsados por la Escuela Latinoamericana de Periodismo.<\/p>\n\n\n\n<p>La debatieron y aportaron relatores de libertad de expresi\u00f3n de la OEA, representantes de la UNESCO y periodistas que han debido enfrentar situaciones de menoscabo y amenaza en Am\u00e9rica Latina.<\/p>\n\n\n\n<p>El pasado 3 de mayo el gobierno de Chile anunci\u00f3 que hab\u00eda hecho suya la iniciativa de ley especial para las personas que ejerzan labores de comunicaci\u00f3n y period\u00edsticas, que antes hab\u00edan presentado senadores chilenos basados en la Ley Modelo de la UNESCO y que por ello se le hab\u00eda asignado ser la sede de la conmemoraci\u00f3n del D\u00eda Mundial de la Libertad de Prensa en 2024, para que se convierta \u201cen el epicentro de la discusi\u00f3n sobre el desempe\u00f1o de los medios y las normativas vigentes para la protecci\u00f3n de los comunicadores a nivel global.\u201d<\/p>\n\n\n\n<p>El proyecto de ley chilena consiste en una modificaci\u00f3n del C\u00f3digo Penal con el compromiso de la autoridad de que ser\u00e1 para \u201cgarantizar que no haya impunidad y (para) que los procesos de investigaciones y judiciales lleguen a puerto cuando sucedan distintos tipos de agresi\u00f3n que constituyen delitos para estos trabajadores y trabajadoras\u201d.<\/p>\n\n\n\n<p><strong>La ley marco<\/strong><\/p>\n\n\n\n<p>Se llama\u00a0<em>Ley modelo de protecci\u00f3n a periodistas y personas trabajadoras de la prensa<\/em>. Su objetivo es: \u201cPrevenir, proteger y garantizar la seguridad e integridad de las personas periodistas y trabajadoras de la prensa en todo tiempo y lugar, esto incluye tiempos de paz y durante conflictos internacionales, incluidos disturbios o tensiones internas. Garantizando un ambiente seguro, abierto, libre y propicio para la labor de las y los periodistas\u201d.<\/p>\n\n\n\n<p>En las\u00a0<em>Definiciones\u00a0<\/em>precisa a los sujetos de la prevenci\u00f3n y protecci\u00f3n:\u00a0Los t\u00e9rminos \u201cperiodista\u201d y \u201cpersonas trabajadoras de medios\u201d se aplicar\u00e1n a las personas que regularmente se dediquen a la recopilaci\u00f3n, tratamiento y diseminaci\u00f3n de la informaci\u00f3n al p\u00fablico por cualquier medio de comunicaci\u00f3n tanto online como offline, incluyendo a los camar\u00f3grafos y los fot\u00f3grafos, el personal de apoyo t\u00e9cnico, ch\u00f3feres e int\u00e9rpretes, revisores, traductores, editores, difusores y distribuidores. Nada m\u00e1s.<\/p>\n\n\n\n<p>En sus capitulados incluye obligaciones para los gobiernos: la de prevenir; la de adoptar\u00a0<em>\u201c<\/em>un discurso p\u00fablico que contribuya a prevenir la violencia (que los funcionarios p\u00fablicos se abstengan de realizar declaraciones que expongan a periodistas y trabajadores\/as de medios de comunicaci\u00f3n a actos de violencia); la de instruir a las fuerzas de seguridad sobre el respeto a los medios de comunicaci\u00f3n y sus trabajadores\u201d.<\/p>\n","protected":false},"excerpt":{"rendered":"<p>Una Ley modelo que propone la Organizaci\u00f3n de Naciones Unidas para la Educaci\u00f3n, la Ciencia y la Cultura (UNESCO) obligar\u00eda<\/p>\n","protected":false},"author":1,"featured_media":18001,"comment_status":"open","ping_status":"open","sticky":false,"template":"","format":"standard","meta":[],"categories":[41,34],"tags":[3,76,35],"_links":{"self":[{"href":"http:\/\/www.noticiashondurashn.com\/index.php?rest_route=\/wp\/v2\/posts\/18000"}],"collection":[{"href":"http:\/\/www.noticiashondurashn.com\/index.php?rest_route=\/wp\/v2\/posts"}],"about":[{"href":"http:\/\/www.noticiashondurashn.com\/index.php?rest_route=\/wp\/v2\/types\/post"}],"author":[{"embeddable":true,"href":"http:\/\/www.noticiashondurashn.com\/index.php?rest_route=\/wp\/v2\/users\/1"}],"replies":[{"embeddable":true,"href":"http:\/\/www.noticiashondurashn.com\/index.php?rest_route=%2Fwp%2Fv2%2Fcomments&post=18000"}],"version-history":[{"count":1,"href":"http:\/\/www.noticiashondurashn.com\/index.php?rest_route=\/wp\/v2\/posts\/18000\/revisions"}],"predecessor-version":[{"id":18002,"href":"http:\/\/www.noticiashondurashn.com\/index.php?rest_route=\/wp\/v2\/posts\/18000\/revisions\/18002"}],"wp:featuredmedia":[{"embeddable":true,"href":"http:\/\/www.noticiashondurashn.com\/index.php?rest_route=\/wp\/v2\/media\/18001"}],"wp:attachment":[{"href":"http:\/\/www.noticiashondurashn.com\/index.php?rest_route=%2Fwp%2Fv2%2Fmedia&parent=18000"}],"wp:term":[{"taxonomy":"category","embeddable":true,"href":"http:\/\/www.noticiashondurashn.com\/index.php?rest_route=%2Fwp%2Fv2%2Fcategories&post=18000"},{"taxonomy":"post_tag","embeddable":true,"href":"http:\/\/www.noticiashondurashn.com\/index.php?rest_route=%2Fwp%2Fv2%2Ftags&post=18000"}],"curies":[{"name":"wp","href":"https:\/\/api.w.org\/{rel}","templated":true}]}}