{"id":1792,"date":"2014-09-23T09:16:05","date_gmt":"2014-09-23T15:16:05","guid":{"rendered":"http:\/\/www.noticiashondurashn.com\/?p=1792"},"modified":"2014-09-23T09:16:05","modified_gmt":"2014-09-23T15:16:05","slug":"san-pedro-sula-y-guayaquil-firman-convenio-de-hermandad","status":"publish","type":"post","link":"http:\/\/www.noticiashondurashn.com\/?p=1792","title":{"rendered":"San Pedro Sula y Guayaquil firman convenio de hermandad"},"content":{"rendered":"<p>Las alcald\u00edas de San Pedro Sula y de Guayaquil, Ecuador lograron consolidar el hermanamiento, lo que ser\u00e1 de gran beneficio para el desarrollo de ambas ciudades.<br \/>\nEl alcalde sampedrano Armando Calidonio record\u00f3 que el hermanamiento entre la Capital Industrial de Honduras y Santiago de Guayaquil, Ecuador una de las metr\u00f3polis m\u00e1s grandes de Am\u00e9rica Latin, empez\u00f3 desde la administraci\u00f3n del ex alcalde H\u00e9ctor Guillen, quien en 1992 elev\u00f3 dicha acci\u00f3n a Sesi\u00f3n de Corporaci\u00f3n; sin embargo en la actual gesti\u00f3n fue que se logr\u00f3 concretar.<br \/>\n\u201cHemos retomado todos estos temas de alianzas con ciudades hermanas como Santiago de Guayaquil, que nos permitir\u00e1 compartir las acciones y experiencias positivas, como es el caso del tema de renovaci\u00f3n urbana\u201d, refiri\u00f3 el jefe edilicio, agregando que una comitiva de la comuna sampedrana, determinar\u00e1 cada uno de los temas y conceptos para poderlos aplicar en San Pedro Sula, tomando historias exitosas desarrolladas en esa ciudad de Sudam\u00e9rica.<br \/>\nEn ese sentido, detall\u00f3 que adem\u00e1s analizaran temas como el manejo de los mercados, desechos s\u00f3lidos, agua y ante todo el orden en la ciudad.<br \/>\nCalidonio acot\u00f3 que la alianza indivisible con la empresa privada en Guayaquil, es un tema que ha llevado a esa ciudad a niveles positivos, acciones que son compartidas por su administraci\u00f3n, pues considera que lo importante no s\u00f3lo es tener buenas ideas, sino que estas se cumplan y sean realizable a trav\u00e9s del trabajo mancomunado entre el sector privado y el gobierno local.<br \/>\n\u201cLas autoridades de esa hermana ciudad, nos han alentado asegurando que el proceso que ha iniciado la comuna, han sido las correctas y que las mismas nos permitir\u00e1n alcanzar las metas, logrando as\u00ed  el desarrollo de la ciudad\u201d, asever\u00f3 el acalde.<br \/>\nTanto el alcalde de Santiago de Guayaquil,  Jaime Nebot Saadi y \u00e9l Ingeniero Calidonio firmaron un documento, el cual establece las prioridades entre ambas ciudades que permitir\u00e1 tener una relaci\u00f3n m\u00e1s firme y trabajar de forma conjunta.<br \/>\n\u201cVeremos como esos equipos t\u00e9cnicos, como esos enlaces se convierten en accesiones concretas y actividades puntuales que deben ser medibles\u201d dijo el alcalde tras considerar importante cohesionarse como equipo (funcionarios y  Corporaci\u00f3n Municipal) para construir la San Pedro Sula que todo ciudadano sue\u00f1a y desea.<br \/>\nPor su parte, el regidor Guillermo Milla asever\u00f3 que el hermanamiento ser\u00e1 muy fruct\u00edfero, ya que se tocaron varios temas relativos a la renovaci\u00f3n urbana, aspectos administrativos de como gerenciar la ciudad, y ante todo, el enfoque correcto que hay que darle a San Pedro Sula, lo que permitir\u00e1 sacarle el mejor provecho.<br \/>\nEntre tanto, el jefe edilicio de Guayaquil enfatiz\u00f3 que \u201cfue  un gusto poner a su disposici\u00f3n toda nuestra amplia experiencia que durante 14 a\u00f1os hemos adquirida, todos los aciertos e incluso errores para evitar que en la ciudad Industrial se repitan, en ese sentido les he indicado que m\u00e1s all\u00e1 de lo que necesite, en el futuro estamos a la disposici\u00f3n tanto de las autoridades municipales, como de los habitantes de San Pedro Sula\u201d.<br \/>\nEl ingeniero Calidonio fue adem\u00e1s declarado por las autoridades de esa ciudad, como Hu\u00e9sped de Honor, dese\u00e1ndole a la vez sincero votos de \u00e9xito para el desarrollo de sus actividades pol\u00edticas y administrativas, destinadas a redundar en el bien de su comunidad.<figure id=\"attachment_1793\" aria-describedby=\"caption-attachment-1793\" style=\"width: 300px\" class=\"wp-caption alignnone\"><a href=\"http:\/\/www.noticiashondurashn.com\/wp-content\/uploads\/2014\/09\/image72.jpg\"><img decoding=\"async\" loading=\"lazy\" src=\"http:\/\/www.noticiashondurashn.com\/wp-content\/uploads\/2014\/09\/image72-300x165.jpg\" alt=\"El alcalde de Guayaquil declar\u00f3 Huesped de Honor a su hom\u00f3logo de San Pedro Sula.\" width=\"300\" height=\"165\" class=\"size-medium wp-image-1793\" srcset=\"http:\/\/www.noticiashondurashn.com\/wp-content\/uploads\/2014\/09\/image72-300x165.jpg 300w, http:\/\/www.noticiashondurashn.com\/wp-content\/uploads\/2014\/09\/image72-1024x563.jpg 1024w, http:\/\/www.noticiashondurashn.com\/wp-content\/uploads\/2014\/09\/image72-600x330.jpg 600w\" sizes=\"(max-width: 300px) 100vw, 300px\" \/><\/a><figcaption id=\"caption-attachment-1793\" class=\"wp-caption-text\">El alcalde de Guayaquil declar\u00f3 Huesped de Honor a su hom\u00f3logo de San Pedro Sula.<\/figcaption><\/figure>\n","protected":false},"excerpt":{"rendered":"<p>Las alcald\u00edas de San Pedro Sula y de Guayaquil, Ecuador lograron consolidar el hermanamiento, lo que ser\u00e1 de gran beneficio<\/p>\n","protected":false},"author":1,"featured_media":1793,"comment_status":"open","ping_status":"open","sticky":false,"template":"","format":"standard","meta":[],"categories":[41],"tags":[5],"_links":{"self":[{"href":"http:\/\/www.noticiashondurashn.com\/index.php?rest_route=\/wp\/v2\/posts\/1792"}],"collection":[{"href":"http:\/\/www.noticiashondurashn.com\/index.php?rest_route=\/wp\/v2\/posts"}],"about":[{"href":"http:\/\/www.noticiashondurashn.com\/index.php?rest_route=\/wp\/v2\/types\/post"}],"author":[{"embeddable":true,"href":"http:\/\/www.noticiashondurashn.com\/index.php?rest_route=\/wp\/v2\/users\/1"}],"replies":[{"embeddable":true,"href":"http:\/\/www.noticiashondurashn.com\/index.php?rest_route=%2Fwp%2Fv2%2Fcomments&post=1792"}],"version-history":[{"count":1,"href":"http:\/\/www.noticiashondurashn.com\/index.php?rest_route=\/wp\/v2\/posts\/1792\/revisions"}],"predecessor-version":[{"id":1794,"href":"http:\/\/www.noticiashondurashn.com\/index.php?rest_route=\/wp\/v2\/posts\/1792\/revisions\/1794"}],"wp:featuredmedia":[{"embeddable":true,"href":"http:\/\/www.noticiashondurashn.com\/index.php?rest_route=\/wp\/v2\/media\/1793"}],"wp:attachment":[{"href":"http:\/\/www.noticiashondurashn.com\/index.php?rest_route=%2Fwp%2Fv2%2Fmedia&parent=1792"}],"wp:term":[{"taxonomy":"category","embeddable":true,"href":"http:\/\/www.noticiashondurashn.com\/index.php?rest_route=%2Fwp%2Fv2%2Fcategories&post=1792"},{"taxonomy":"post_tag","embeddable":true,"href":"http:\/\/www.noticiashondurashn.com\/index.php?rest_route=%2Fwp%2Fv2%2Ftags&post=1792"}],"curies":[{"name":"wp","href":"https:\/\/api.w.org\/{rel}","templated":true}]}}