{"id":17748,"date":"2022-02-15T21:49:16","date_gmt":"2022-02-16T03:49:16","guid":{"rendered":"http:\/\/www.noticiashondurashn.com\/?p=17748"},"modified":"2022-02-15T21:49:19","modified_gmt":"2022-02-16T03:49:19","slug":"en-poder-de-la-policia-expresidente-hondureno-acusado-de-narcotrafico","status":"publish","type":"post","link":"http:\/\/www.noticiashondurashn.com\/?p=17748","title":{"rendered":"En poder de la polic\u00eda expresidente hondure\u00f1o acusado de narcotr\u00e1fico"},"content":{"rendered":"\n<p>En un hecho sin precedentes, la Polic\u00eda de Honduras detuvo hoy al expresidente Juan Orlando Hern\u00e1ndez tras ordenarse la captura despu\u00e9s de la solicitud de extradici\u00f3n de Estados Unidos por delitos de tr\u00e1fico de drogas.<\/p>\n\n\n\n<p>Hern\u00e1ndez fue sacado de su casa en la colonia San Ignacio de la capital y posteriormente esposado de manos y encadenado de pies para ser trasladado al Escuadr\u00f3n de Fuerzas Especiales.<\/p>\n\n\n\n<p>El arresto se produjo despu\u00e9s que se emitiera la orden por parte del magistrado Edwin Ortez, nombrado por la Corte Suprema de Justicia para conocer la solicitud de extradici\u00f3n.<\/p>\n\n\n\n<p>El detenido ser\u00e1 presentado este mi\u00e9rcoles ante el juez, inform\u00f3 el ministro de Seguridad, general Ram\u00f3n Sabill\u00f3n, quien fue separado de la jefatura de la Polic\u00eda por el entonces presidente Hern\u00e1ndez.<\/p>\n\n\n\n<p>Hern\u00e1ndez es acusado de tr\u00e1fico de m\u00e1s de 500 mil kilos de cocaina, portaci\u00f3n de armas de fuego y dispositivos destructivos y conspiraci\u00f3n para usar y portar armas de fuego.<\/p>\n","protected":false},"excerpt":{"rendered":"<p>En un hecho sin precedentes, la Polic\u00eda de Honduras detuvo hoy al expresidente Juan Orlando Hern\u00e1ndez tras ordenarse la captura<\/p>\n","protected":false},"author":1,"featured_media":17749,"comment_status":"open","ping_status":"open","sticky":false,"template":"","format":"standard","meta":[],"categories":[13,110],"tags":[3,48],"_links":{"self":[{"href":"http:\/\/www.noticiashondurashn.com\/index.php?rest_route=\/wp\/v2\/posts\/17748"}],"collection":[{"href":"http:\/\/www.noticiashondurashn.com\/index.php?rest_route=\/wp\/v2\/posts"}],"about":[{"href":"http:\/\/www.noticiashondurashn.com\/index.php?rest_route=\/wp\/v2\/types\/post"}],"author":[{"embeddable":true,"href":"http:\/\/www.noticiashondurashn.com\/index.php?rest_route=\/wp\/v2\/users\/1"}],"replies":[{"embeddable":true,"href":"http:\/\/www.noticiashondurashn.com\/index.php?rest_route=%2Fwp%2Fv2%2Fcomments&post=17748"}],"version-history":[{"count":1,"href":"http:\/\/www.noticiashondurashn.com\/index.php?rest_route=\/wp\/v2\/posts\/17748\/revisions"}],"predecessor-version":[{"id":17750,"href":"http:\/\/www.noticiashondurashn.com\/index.php?rest_route=\/wp\/v2\/posts\/17748\/revisions\/17750"}],"wp:featuredmedia":[{"embeddable":true,"href":"http:\/\/www.noticiashondurashn.com\/index.php?rest_route=\/wp\/v2\/media\/17749"}],"wp:attachment":[{"href":"http:\/\/www.noticiashondurashn.com\/index.php?rest_route=%2Fwp%2Fv2%2Fmedia&parent=17748"}],"wp:term":[{"taxonomy":"category","embeddable":true,"href":"http:\/\/www.noticiashondurashn.com\/index.php?rest_route=%2Fwp%2Fv2%2Fcategories&post=17748"},{"taxonomy":"post_tag","embeddable":true,"href":"http:\/\/www.noticiashondurashn.com\/index.php?rest_route=%2Fwp%2Fv2%2Ftags&post=17748"}],"curies":[{"name":"wp","href":"https:\/\/api.w.org\/{rel}","templated":true}]}}