{"id":17459,"date":"2021-07-30T23:48:00","date_gmt":"2021-07-31T05:48:00","guid":{"rendered":"http:\/\/www.noticiashondurashn.com\/?p=17459"},"modified":"2021-07-31T12:15:31","modified_gmt":"2021-07-31T18:15:31","slug":"alcalde-y-regidores-nacionalistas-se-oponen-a-que-sps-sea-declarado-libre-de-zedes","status":"publish","type":"post","link":"http:\/\/www.noticiashondurashn.com\/?p=17459","title":{"rendered":"Alcalde y regidores nacionalistas se oponen a que SPS sea declarado libre de ZEDEs"},"content":{"rendered":"\n<p>La Corporaci\u00f3n municipal de San Pedro Sula se neg\u00f3 a discutir una moci\u00f3n del regidor Ren\u00e9 Altamirano para que el municipio sea declarado libre de Zonas Especiales de Desarrollo y Empleo  (ZEDES.).<\/p>\n\n\n\n<p>En la sesi\u00f3n n\u00famero 149 del 30 de julio, el regidor del partido Libertad y Refundaci\u00f3n (Libre) solicito que se incorporar\u00e1 a la agenda la moci\u00f3n para declarar a San Pedro Sula libre de ZEDES, la cual deb\u00eda luego ratificarse en un cabildo abierto.<\/p>\n\n\n\n<p>Sin embargo, el alcalde Armando Calidonio y los regidores del partido Nacional, un Liberal y el de la Alianza Patri\u00f3tica votaron en contra por lo que al final la moci\u00f3n ni siquiera se discuti\u00f3.<\/p>\n\n\n\n<p>Votaron a favor el regidor mocionante, F\u00e1tima Mena, Marlon Lara, Antonio Rivera y Juan Canahuati. En contra que se se discutiera votaron Calidonio, Luis Cardona, Mirna Di Palma, Jos\u00e9  Jaar, Rina Mancia del partido Liberal y Lempira Viana de AP.<\/p>\n\n\n\n<p>A trav\u00e9s de redes sociales el regidor Altamirano lament\u00f3 el rechazo de mayor\u00eda de la moci\u00f3n para declarar a San Pedro Sula libre de ZEDES, \u201cquedando demostrado quienes est\u00e1n a favor de defender la soberan\u00eda nacional\u201d.<\/p>\n\n\n\n<p>Cerca de una decena de municipios de Honduras se han declarado libre de ZEDEs, con lo que cierran el paso a esos proyectos a los que la poblaci\u00f3n se opone porque consideran que se est\u00e1 cercenando el territorio hondure\u00f1o.<\/p>\n","protected":false},"excerpt":{"rendered":"<p>La Corporaci\u00f3n municipal de San Pedro Sula se neg\u00f3 a discutir una moci\u00f3n del regidor Ren\u00e9 Altamirano para que el<\/p>\n","protected":false},"author":1,"featured_media":17460,"comment_status":"open","ping_status":"open","sticky":false,"template":"","format":"standard","meta":[],"categories":[13],"tags":[3,77],"_links":{"self":[{"href":"http:\/\/www.noticiashondurashn.com\/index.php?rest_route=\/wp\/v2\/posts\/17459"}],"collection":[{"href":"http:\/\/www.noticiashondurashn.com\/index.php?rest_route=\/wp\/v2\/posts"}],"about":[{"href":"http:\/\/www.noticiashondurashn.com\/index.php?rest_route=\/wp\/v2\/types\/post"}],"author":[{"embeddable":true,"href":"http:\/\/www.noticiashondurashn.com\/index.php?rest_route=\/wp\/v2\/users\/1"}],"replies":[{"embeddable":true,"href":"http:\/\/www.noticiashondurashn.com\/index.php?rest_route=%2Fwp%2Fv2%2Fcomments&post=17459"}],"version-history":[{"count":1,"href":"http:\/\/www.noticiashondurashn.com\/index.php?rest_route=\/wp\/v2\/posts\/17459\/revisions"}],"predecessor-version":[{"id":17461,"href":"http:\/\/www.noticiashondurashn.com\/index.php?rest_route=\/wp\/v2\/posts\/17459\/revisions\/17461"}],"wp:featuredmedia":[{"embeddable":true,"href":"http:\/\/www.noticiashondurashn.com\/index.php?rest_route=\/wp\/v2\/media\/17460"}],"wp:attachment":[{"href":"http:\/\/www.noticiashondurashn.com\/index.php?rest_route=%2Fwp%2Fv2%2Fmedia&parent=17459"}],"wp:term":[{"taxonomy":"category","embeddable":true,"href":"http:\/\/www.noticiashondurashn.com\/index.php?rest_route=%2Fwp%2Fv2%2Fcategories&post=17459"},{"taxonomy":"post_tag","embeddable":true,"href":"http:\/\/www.noticiashondurashn.com\/index.php?rest_route=%2Fwp%2Fv2%2Ftags&post=17459"}],"curies":[{"name":"wp","href":"https:\/\/api.w.org\/{rel}","templated":true}]}}