{"id":17435,"date":"2021-07-28T18:46:28","date_gmt":"2021-07-29T00:46:28","guid":{"rendered":"http:\/\/www.noticiashondurashn.com\/?p=17435"},"modified":"2021-07-28T18:56:16","modified_gmt":"2021-07-29T00:56:16","slug":"conferencia-episcopal-de-honduras-se-pronuncia-contra-las-zedes","status":"publish","type":"post","link":"http:\/\/www.noticiashondurashn.com\/?p=17435","title":{"rendered":"Conferencia Episcopal de Honduras se pronuncia contra las ZEDEs"},"content":{"rendered":"\n<p>Los obispos que conforman la Conferencia Episcopal de Honduras (CEH) se pronunciaron de manera firme contra las Zonas Especiales de Desarrollo y Empleo (ZEDE) pidiendo al gobierno que escuche el clamor del pueblo y diversas organizaciones de sociedad civil como la UNAH y Consejo Nacional Anticorrupci\u00f3n (CNA) para no echar a andar este proyecto.<\/p>\n\n\n\n<p>\u201cSe\u00f1ores del Congreso Nacional, con firmeza y con el respeto que merece su investidura, les decimos que ha llegado el momento que demuestren si quieren el bien de la poblaci\u00f3n\u201d, manifiesta el documento hecho p\u00fablico hoy.<\/p>\n\n\n\n<p>Tambi\u00e9n llaman a la Corte Suprema de Justicia para que \u201cno se presten al juego pol\u00edtico del Congreso Nacional y que mantengan su independencia, no pleg\u00e1ndose a intereses contrarios al bien de la Rep\u00fablica\u201d.<\/p>\n\n\n\n<p>\u201cLos obispos no estamos en contra del desarrollo de Honduras, estamos a favor de que se d\u00e9, pero no de esta manera. Por esta raz\u00f3n, no apoyamos la creaci\u00f3n de las ZEDE\u201d, deja sentado al CEH.<\/p>\n\n\n\n<p>Pide a la poblaci\u00f3n que por dignidad y justicia no se convierta en \u201cespectadores pasivos del despojo y de una irreversible descomposici\u00f3n de nuestra Patria\u201d.<\/p>\n\n\n\n<p>Anteriormente las di\u00f3cesis de La Ceiba, Choluteca y Trujillo, se manifestaron en contra de las ZEDEs y por ello hoy, apoyan esta petici\u00f3n fundamentados en que se debe defender la soberan\u00eda nacional.<\/p>\n","protected":false},"excerpt":{"rendered":"<p>Los obispos que conforman la Conferencia Episcopal de Honduras (CEH) se pronunciaron de manera firme contra las Zonas Especiales de<\/p>\n","protected":false},"author":1,"featured_media":17440,"comment_status":"open","ping_status":"open","sticky":false,"template":"","format":"standard","meta":[],"categories":[13],"tags":[3,16],"_links":{"self":[{"href":"http:\/\/www.noticiashondurashn.com\/index.php?rest_route=\/wp\/v2\/posts\/17435"}],"collection":[{"href":"http:\/\/www.noticiashondurashn.com\/index.php?rest_route=\/wp\/v2\/posts"}],"about":[{"href":"http:\/\/www.noticiashondurashn.com\/index.php?rest_route=\/wp\/v2\/types\/post"}],"author":[{"embeddable":true,"href":"http:\/\/www.noticiashondurashn.com\/index.php?rest_route=\/wp\/v2\/users\/1"}],"replies":[{"embeddable":true,"href":"http:\/\/www.noticiashondurashn.com\/index.php?rest_route=%2Fwp%2Fv2%2Fcomments&post=17435"}],"version-history":[{"count":3,"href":"http:\/\/www.noticiashondurashn.com\/index.php?rest_route=\/wp\/v2\/posts\/17435\/revisions"}],"predecessor-version":[{"id":17444,"href":"http:\/\/www.noticiashondurashn.com\/index.php?rest_route=\/wp\/v2\/posts\/17435\/revisions\/17444"}],"wp:featuredmedia":[{"embeddable":true,"href":"http:\/\/www.noticiashondurashn.com\/index.php?rest_route=\/wp\/v2\/media\/17440"}],"wp:attachment":[{"href":"http:\/\/www.noticiashondurashn.com\/index.php?rest_route=%2Fwp%2Fv2%2Fmedia&parent=17435"}],"wp:term":[{"taxonomy":"category","embeddable":true,"href":"http:\/\/www.noticiashondurashn.com\/index.php?rest_route=%2Fwp%2Fv2%2Fcategories&post=17435"},{"taxonomy":"post_tag","embeddable":true,"href":"http:\/\/www.noticiashondurashn.com\/index.php?rest_route=%2Fwp%2Fv2%2Ftags&post=17435"}],"curies":[{"name":"wp","href":"https:\/\/api.w.org\/{rel}","templated":true}]}}