{"id":17352,"date":"2021-05-24T20:54:42","date_gmt":"2021-05-25T02:54:42","guid":{"rendered":"http:\/\/www.noticiashondurashn.com\/?p=17352"},"modified":"2021-05-24T20:54:46","modified_gmt":"2021-05-25T02:54:46","slug":"cierran-museo-de-los-telenos-y-saquean-piezas-historicas","status":"publish","type":"post","link":"http:\/\/www.noticiashondurashn.com\/?p=17352","title":{"rendered":"Cierran museo de los tele\u00f1os y saquean piezas hist\u00f3ricas"},"content":{"rendered":"\n<p><strong>Por Andr\u00e9s Matute<\/strong><\/p>\n\n\n\n<p>Cuando se le dio vida al abandonado edificio hist\u00f3rico y emblem\u00e1tico donde fue la Contadur\u00eda , el edificio hab\u00eda sido saqueado y destruido, despu\u00e9s que qued\u00f3 en abandono cuando la Normal Mixta del Litoral Atl\u00e1ntico (ENMLA) dej\u00f3 las instalaciones en 1986, hoy se repite la historia.<br \/><\/p>\n\n\n\n<p>De acuerdo a su valor hist\u00f3rico pertenece al Instituto de Antropolog\u00eda e Historia, en trabajo mancomunado con la municipalidad para formar actos y temas culturales. La restauraci\u00f3n tuvo un costo de m\u00e1s de 27 millones de lempiras , y habiendo un departamento de arte y cultura en la municipalidad, en la administraci\u00f3n del licenciado Mario Alberto Fuentes creo y fundo lo que hoy es el museo de los tele\u00f1os.<\/p>\n\n\n\n<p>Y para que esto fuera una realidad, dentro de ese proyecto participaron muchas familias tele\u00f1as que aportaron reliquias hist\u00f3ricas para engalanar el museo, que tiene aparte de la historia de lo que fue la Tela Fruit Company, donde hay fotograf\u00edas hist\u00f3ricas, y documentos, entre otros.<br \/><br \/>Luego en el a\u00f1o 2017, la Corporaci\u00f3n municipal a cargo en ese entonces del licenciado Mario Fuentes, junto a autoridades del ministerio de historia arte y cultura, sociedad Tele\u00f1a, con invitados especiales se dio por inaugurado el museo.<\/p>\n\n\n\n<p>Y para que esto funcionar\u00eda con personas expertas se trajo al se\u00f1or Selvin Rivera, egresado de la Escuela Nacional de Bellas Artes un artista de alto talento y experiencia en desarrollos culturales, lo mismo que a Francisco Lujan otro experimentado artista tele\u00f1o, ambos por su profesionalismo y experiencia.<\/p>\n\n\n\n<p>En la administraci\u00f3n del actual alcalde Dario Munguia, desvaloriza el museo sin darle importancia y nombra al se\u00f1or Leonel Barahona para que tome el cargo de controlar el edificio con el cargo de Relaciones P\u00fablicas y Protocolo, un acto premeditado por parte Nancy Elvir empleada municipal cercana al edil, junto al jefe de Relaciones Humanas, abogado Ivis L\u00f3pez, y es aqu\u00ed desde ese momento que se mira un desbalance porque el se\u00f1or Leonel Barahona no tiene conocimiento en arte y cultura.<\/p>\n\n\n\n<p>Ya teniendo poder del emblem\u00e1tico edificio, el se\u00f1or Barahona organiza el grupo de Apres y usurpan el edificio como organizaci\u00f3n privada. Mientras tanto el doctor Samuel Santos, junto a su hermano Daniel forman un grupo de personas en los EEUU afines a personas que les gusta la lectura y en convenio del actual alcalde reinstala la biblioteca p\u00fablica del municipio de Tela, que fue bien acogida por los estudiantes y amantes de la lectura, d\u00e1ndole al hist\u00f3rico edificio el verdadero semblante cultural, estando un museo y la biblioteca, que hoy en d\u00eda todos los visitantes se han llevado una gran experiencia negativa que al inmueble le han arrebatado la paz  y la tranquilidad al mirar que a la par est\u00e1 instalado la organizaci\u00f3n Apres que es como un brazo de la organizaci\u00f3n LGBTI, donde est\u00e1n usurpando el espacio f\u00edsico del museo y ya los padres de familia no llevan a sus hijos a la biblioteca porque no lo miran adecuado observando tanta perversi\u00f3n en lo que tiene que ser cultural.<\/p>\n\n\n\n<figure class=\"wp-block-image size-large\"><img decoding=\"async\" loading=\"lazy\" width=\"650\" height=\"300\" src=\"https:\/\/www.noticiashondurashn.com\/wp-content\/uploads\/2021\/05\/0DA20453-B487-4CC8-A443-D7F05A30A0A9-650x300.jpeg\" alt=\"\" class=\"wp-image-17354\" srcset=\"http:\/\/www.noticiashondurashn.com\/wp-content\/uploads\/2021\/05\/0DA20453-B487-4CC8-A443-D7F05A30A0A9-650x300.jpeg 650w, http:\/\/www.noticiashondurashn.com\/wp-content\/uploads\/2021\/05\/0DA20453-B487-4CC8-A443-D7F05A30A0A9-300x138.jpeg 300w, http:\/\/www.noticiashondurashn.com\/wp-content\/uploads\/2021\/05\/0DA20453-B487-4CC8-A443-D7F05A30A0A9-768x354.jpeg 768w, http:\/\/www.noticiashondurashn.com\/wp-content\/uploads\/2021\/05\/0DA20453-B487-4CC8-A443-D7F05A30A0A9.jpeg 1388w\" sizes=\"(max-width: 650px) 100vw, 650px\" \/><figcaption>El edificio fue abandonado y saqueado.<\/figcaption><\/figure>\n\n\n\n<p>Qu\u00e9 a parte tenemos un museo visto por la indiferencia de nuestras autoridades, y el desconocimiento de nuestra propia poblaci\u00f3n, un lugar educativo donde iban muchos estudiantes a sacar sus tareas para pasar sus clases, donde los extranjeros visitaban constantemente las instalaciones para llevar las experiencias de nuestra historia y cultura.<br \/>Lastimosamente Leonel Barahona cerr\u00f3 el museo y le ha dado la llave a segundas y terceras personas y hoy se descubre que el museo ha sido saquedo y est\u00e1 desvalorizado con la afixiante corrupci\u00f3n.<\/p>\n\n\n\n<p><strong>Museo parte del patrimonio e identidad cultural<\/strong><\/p>\n\n\n\n<p>En las \u00faltimas d\u00e9cadas y a prop\u00f3sito de todo el trabajo que se desarrolla en la organizaci\u00f3n de museos, en la protecci\u00f3n y restauraci\u00f3n de los monumentos en los estudios y valorizaci\u00f3n de los centros hist\u00f3ricos en la apuesta en valor de las artesan\u00edas y artes populares, y en todo aquello que tiene que ver con el hombre, su entorno y sus h\u00e1bitos de vida, los museos comenzaron a usarse en t\u00e9rminos de identidad en expresi\u00f3n que resumir\u00eda las diversas caracter\u00edsticas de esos aspectos relacionados con la identificaci\u00f3n de un grupo humano determinado.<\/p>\n\n\n\n<p>De igual manera aparece la definici\u00f3n de patrimonio cultural que servir\u00e1 de se\u00f1al o medio de referencia al hombre para reconocerse con aquello que forma parte de su historia. O sea que identidad y patrimonio es el resultado de una simbiosis entre el ser, su huella material, y su h\u00e1bitat o medio natural que funciona en dos sentidos, pues sirve para identificar a otros y para identificarse a s\u00ed mismo, lo cual es la medida en que aprendamos a establecer una lectura correcta de ambos, estamos capacitados para tratar de mostrar y aprovechar el patrimonio que nos identifica, libre de INFLUENCIAS INDESEABLES que en la sociedad contempor\u00e1nea promueven algunos medios o agencia de actividades que dejan mucho que desear.<\/p>\n\n\n\n<p>Los fen\u00f3menos culturales tienen muchos canales espont\u00e1neos de intercomunicaci\u00f3n, pero es un interrelaci\u00f3n sin programas de contaminaci\u00f3n generadores de sub productos culturales,<br \/>Es en este sentido de como entendemos la conservaci\u00f3n del patrimonio cultural para que sirva de referencia vital y cotidiana a lo que se le ha dado en llamar identidad. Estos son entre otros los fundamentos principales en tener a cuenta para el desarrollo de un turismo cultural en Honduras, cuyas caracter\u00edsticas y metas las que determinen una correcta gesti\u00f3n, que desde el punto de vista t\u00e9cnico, jur\u00eddico, administrativo y financiero se ponga en funci\u00f3n de rescate de los valores hist\u00f3ricos que han saqueado, y que forman parte de nuestra identidad de nuestro pa\u00eds.<\/p>\n\n\n\n<p>Reci\u00e9n estuve en la ciudad tur\u00edstica de Trujillo y sus museos est\u00e1n abiertos, lo mismo en la ciudad de Omoa el museo y el castillo est\u00e1n abiertos, atendiendo a todos los turistas, aqu\u00ed en esta ciudad de Tela, Leonel Barahona lo tiene cerrado para darle cabida a personas extra\u00f1as. <br \/>Barahona tiene que abandonar con su organizaci\u00f3n privada Apres el predio del museo y tener su propio edificio, es nesesario que la Corporaci\u00f3n municipal recobre y le de vida al museo, y que lo saque de esta situaci\u00f3n precaria del m\u00e1s completo abandono que tiene en estos momentos, que se haga un inventario de sus piezas y que metan a la c\u00e1rcel a los saqueadores de nuestra historia.<\/p>\n","protected":false},"excerpt":{"rendered":"<p>Por Andr\u00e9s Matute Cuando se le dio vida al abandonado edificio hist\u00f3rico y emblem\u00e1tico donde fue la Contadur\u00eda , el<\/p>\n","protected":false},"author":1,"featured_media":17353,"comment_status":"open","ping_status":"open","sticky":false,"template":"","format":"standard","meta":[],"categories":[58,13,2],"tags":[87,3,77],"_links":{"self":[{"href":"http:\/\/www.noticiashondurashn.com\/index.php?rest_route=\/wp\/v2\/posts\/17352"}],"collection":[{"href":"http:\/\/www.noticiashondurashn.com\/index.php?rest_route=\/wp\/v2\/posts"}],"about":[{"href":"http:\/\/www.noticiashondurashn.com\/index.php?rest_route=\/wp\/v2\/types\/post"}],"author":[{"embeddable":true,"href":"http:\/\/www.noticiashondurashn.com\/index.php?rest_route=\/wp\/v2\/users\/1"}],"replies":[{"embeddable":true,"href":"http:\/\/www.noticiashondurashn.com\/index.php?rest_route=%2Fwp%2Fv2%2Fcomments&post=17352"}],"version-history":[{"count":1,"href":"http:\/\/www.noticiashondurashn.com\/index.php?rest_route=\/wp\/v2\/posts\/17352\/revisions"}],"predecessor-version":[{"id":17355,"href":"http:\/\/www.noticiashondurashn.com\/index.php?rest_route=\/wp\/v2\/posts\/17352\/revisions\/17355"}],"wp:featuredmedia":[{"embeddable":true,"href":"http:\/\/www.noticiashondurashn.com\/index.php?rest_route=\/wp\/v2\/media\/17353"}],"wp:attachment":[{"href":"http:\/\/www.noticiashondurashn.com\/index.php?rest_route=%2Fwp%2Fv2%2Fmedia&parent=17352"}],"wp:term":[{"taxonomy":"category","embeddable":true,"href":"http:\/\/www.noticiashondurashn.com\/index.php?rest_route=%2Fwp%2Fv2%2Fcategories&post=17352"},{"taxonomy":"post_tag","embeddable":true,"href":"http:\/\/www.noticiashondurashn.com\/index.php?rest_route=%2Fwp%2Fv2%2Ftags&post=17352"}],"curies":[{"name":"wp","href":"https:\/\/api.w.org\/{rel}","templated":true}]}}