{"id":17324,"date":"2021-04-30T17:31:48","date_gmt":"2021-04-30T23:31:48","guid":{"rendered":"http:\/\/www.noticiashondurashn.com\/?p=17324"},"modified":"2021-05-01T20:26:36","modified_gmt":"2021-05-02T02:26:36","slug":"se-agudiza-la-pobreza-en-honduras-ahora-es-del-70","status":"publish","type":"post","link":"http:\/\/www.noticiashondurashn.com\/?p=17324","title":{"rendered":"Se agudiza la pobreza en Honduras, ahora es del 70%"},"content":{"rendered":"\n<p>La tasa de pobreza total se dispar\u00f3 a partir de 2019 y desde el 2018 disminuy\u00f3 la tasa de crecimiento econ\u00f3mico, agudiz\u00e1ndose en el 2020 producto de la crisis sanitaria provocada por la pandemia y los fen\u00f3menos Eta e Iota, seg\u00fan demuestra del Bolet\u00edn Econ\u00f3mico n\u00famero 15 de la Universidad Nacional Aut\u00f3noma de Honduras (UNAH).<\/p>\n\n\n\n<p>El Bolet\u00edn indica que la tasa de pobreza de los hogares hondure\u00f1os medida a trav\u00e9s del M\u00e9todo de la L\u00ednea de Pobreza mostr\u00f3 un incremento sin precedentes al pasar de 59.3 de los hogares pobres en el 2019 a una estimaci\u00f3n aproximada del 70% en el 2020.<\/p>\n\n\n\n<p>Se\u00f1ala que el comportamiento promedio del crecimiento\u00a0 econ\u00f3mico del pa\u00eds durante el per\u00edodo 2001-2020 es de 3.3%, promedio que ha resultado insuficiente para reducir de manera significativa los niveles de pobreza e impulsar el desarrollo econ\u00f3mico, generando \u00fanicamente una falsa ilusi\u00f3n de bienestar.<\/p>\n\n\n\n<p>Este problema, seg\u00fan el documento, ha permanecido en las \u00faltimas d\u00e9cadas, agrav\u00e1ndose cada vez m\u00e1s, pese al importante gasto social ejecutado por los diferentes gobiernos y la fallida Estrategia de Reducci\u00f3n de la Pobreza.<\/p>\n\n\n\n<p>Con la crisis del 2020, la pobreza se ha acentuado por el incremento de la pobreza coyuntural, especialmente la generada por los fen\u00f3menos naturales apareciendo la categor\u00eda de pobres clim\u00e1ticos, integrada por aquellos hogares que recibieron da\u00f1os parciales o totales en sus viviendas y unidades productivas, situaci\u00f3n que a futuro puede resultar perjudicial por lo recurrente de esos fen\u00f3menos.<\/p>\n\n\n\n<p>Lo anterior evidencia la inminente necesidad de presentarle especial atenci\u00f3n a ese deterioro en las condiciones de vida de los hogares, ante ello, la UNAH propone una serie de recomendaciones para mejorar estas m\u00e9tricas negativas.<\/p>\n\n\n\n<p>Entre ellas, recomienda al gobierno orientar sus esfuerzos en la prevenci\u00f3n y atenci\u00f3n de la salud de la poblaci\u00f3n hondure\u00f1a como un medio que permita que la fuerza de trabajo se incorpore en su totalidad al mercado laboral, a la vez que permita la reactivaci\u00f3n econ\u00f3mica en el corto plazo, escenario posible si se cuenta con una estrategia de vacunaci\u00f3n exitosa debidamente implementada, que incluya a los diferentes sectores de la sociedad, siendo necesario definir una pol\u00edtica integral a largo plazo, asegurando el acceso universal al sistema de salud.<\/p>\n\n\n\n<p><strong>Agro<\/strong><\/p>\n\n\n\n<p>De la misma manera, la UNAH sugiere facilitar la operaci\u00f3n eficiente de las peque\u00f1as unidades productivas existentes y emergentes de la econom\u00eda formal e informal, propiedad de personas que gestionan su autoempleo, garantiz\u00e1ndoles el acceso a los recursos productivos, al cr\u00e9dito y a los servicios tecnol\u00f3gicos que les permita optar a formas novedosas de producci\u00f3n, distribuci\u00f3n y comercializaci\u00f3n de los bienes y servicios que ofertan.<\/p>\n\n\n\n<p>Asimismo, propone mejorar las condiciones del empleo existente en el sector agropecuario, mediante el uso m\u00e1s eficiente de la tierra por medio de insumos y bienes de capital que incrementen la productividad.<\/p>\n\n\n\n<p>Por otro lado, recomienda revisar y reorientar los objetivos y metas de las transferencias monetarias condicionadas y no condicionadas a los hogares pobres, a la par de una promoci\u00f3n de la organizaci\u00f3n de peque\u00f1as y medianas empresas productivas, tanto individuales como colectiva de manera asociativa, en la b\u00fasqueda de alcanzar econom\u00edas de escala para la dinamizaci\u00f3n tecnol\u00f3gica de las operaciones de la tierra, obtenci\u00f3n de insumos para la producci\u00f3n agr\u00edcola y ganadera, as\u00ed como, la implementaci\u00f3n de unidades industriales para la generaci\u00f3n de valor agregado.<\/p>\n\n\n\n<p>El Bolet\u00edn Econ\u00f3mico remarca la necesidad de extender la cobertura de la infraestructura rural, en particular, caminos, agua potable, electrificaci\u00f3n y telecomunicaciones.<\/p>\n\n\n\n<p><strong>Educaci\u00f3n&nbsp;<\/strong><\/p>\n\n\n\n<p>En el tema educativo, el documento del Alma Mater enfatiza la urgencia de facilitar el acceso a la educaci\u00f3n virtual de calidad a la poblaci\u00f3n estudiantil que no cuenta con medios tecnol\u00f3gicos, de tal manera que se reduzca el rezago provocado por la paralizaci\u00f3n del proceso formativo producto de la crisis sanitaria, a la par se debe emprender un proceso de capacitaci\u00f3n en el uso y aprovechamiento de las plataformas cibern\u00e9ticas tanto a estudiantes como docentes.<\/p>\n\n\n\n<p>Para reducir los niveles de deserci\u00f3n y el abandono escolar, principalmente en las zonas rurales, el documento recomienda mejorar el acceso a los servicios de educaci\u00f3n, con mayor equidad en las regiones que tienen menos oportunidades de ingresar al sistema educativo, alineando el dise\u00f1o del Curr\u00edculo Nacional B\u00e1sico se alinee con las necesidades regionales, locales y nacionales de formaci\u00f3n educativa con miras a una visi\u00f3n de internacionalizaci\u00f3n de la educaci\u00f3n, para lograrlo, es necesario dise\u00f1ar e implementar una reforma integral de la educaci\u00f3n en los diferentes niveles.<\/p>\n\n\n\n<p><strong>Empleo<\/strong><\/p>\n\n\n\n<p>Para generar empleo, el Bolet\u00edn Econ\u00f3mico de la UNAH indica que se deben promover pol\u00edticas p\u00fablicas orientadas a fomentar la inversi\u00f3n productiva, diversific\u00e1ndola hacia aquellos sectores con potencial para generar empleo masivo tales como la agricultura, ganader\u00eda, sector forestal y turismo rural.<\/p>\n\n\n\n<p>Otro de los sectores que contribuye al empleo masivo es la maquila, por lo tanto, sugiere continuar generando las condiciones para la instalaci\u00f3n de empresas de este rubro en aquellos lugares con m\u00e1s concentraci\u00f3n de poblaci\u00f3n y pobreza.<\/p>\n\n\n\n<p>De igual manera, remarca la importancia de fomentar las capacidades de emprendimiento empresarial mediante la promoci\u00f3n de proyectos bajo la perspectiva local, con el involucramiento concertado de los diferentes actores socioecon\u00f3micos.<\/p>\n\n\n\n<p>La \u00faltima recomendaci\u00f3n del documento refiere fortalecer los diferentes programas de protecci\u00f3n social, focaliz\u00e1ndolos a los hogares m\u00e1s necesitados, especialmente a los afectados por los fen\u00f3menos naturales Eta e Iota.<\/p>\n\n\n\n<p>Subraya que se debe evitar que se desv\u00eden de los objetivos para los cuales fueron creados y que sean instrumentalizados hacia proselitismos pol\u00edticos atendiendo intereses particulares y partidarios.<\/p>\n\n\n\n<p>El documento advierte que de no prestar la debida atenci\u00f3n al fen\u00f3meno de la pobreza puede acarrear graves consecuencias econ\u00f3micas y sociales, traduci\u00e9ndose probablemente en descomposici\u00f3n social, incremento de la delincuencia y emigraci\u00f3n, deterioro de las condiciones macroecon\u00f3micas y del clima de negocios, por lo que es imperativo contar con un Plan Integral de Desarrollo, con una estrategia de atenci\u00f3n especial a los m\u00e1s pobres del pa\u00eds, que no solamente est\u00e9 orientada a implementar medidas de compensaci\u00f3n social, sino a la generaci\u00f3n de empleos dignos para romper con el c\u00edrculo vicioso de la pobreza.<\/p>\n","protected":false},"excerpt":{"rendered":"<p>La tasa de pobreza total se dispar\u00f3 a partir de 2019 y desde el 2018 disminuy\u00f3 la tasa de crecimiento<\/p>\n","protected":false},"author":1,"featured_media":17326,"comment_status":"open","ping_status":"open","sticky":false,"template":"","format":"standard","meta":[],"categories":[26,13],"tags":[8,3],"_links":{"self":[{"href":"http:\/\/www.noticiashondurashn.com\/index.php?rest_route=\/wp\/v2\/posts\/17324"}],"collection":[{"href":"http:\/\/www.noticiashondurashn.com\/index.php?rest_route=\/wp\/v2\/posts"}],"about":[{"href":"http:\/\/www.noticiashondurashn.com\/index.php?rest_route=\/wp\/v2\/types\/post"}],"author":[{"embeddable":true,"href":"http:\/\/www.noticiashondurashn.com\/index.php?rest_route=\/wp\/v2\/users\/1"}],"replies":[{"embeddable":true,"href":"http:\/\/www.noticiashondurashn.com\/index.php?rest_route=%2Fwp%2Fv2%2Fcomments&post=17324"}],"version-history":[{"count":1,"href":"http:\/\/www.noticiashondurashn.com\/index.php?rest_route=\/wp\/v2\/posts\/17324\/revisions"}],"predecessor-version":[{"id":17325,"href":"http:\/\/www.noticiashondurashn.com\/index.php?rest_route=\/wp\/v2\/posts\/17324\/revisions\/17325"}],"wp:featuredmedia":[{"embeddable":true,"href":"http:\/\/www.noticiashondurashn.com\/index.php?rest_route=\/wp\/v2\/media\/17326"}],"wp:attachment":[{"href":"http:\/\/www.noticiashondurashn.com\/index.php?rest_route=%2Fwp%2Fv2%2Fmedia&parent=17324"}],"wp:term":[{"taxonomy":"category","embeddable":true,"href":"http:\/\/www.noticiashondurashn.com\/index.php?rest_route=%2Fwp%2Fv2%2Fcategories&post=17324"},{"taxonomy":"post_tag","embeddable":true,"href":"http:\/\/www.noticiashondurashn.com\/index.php?rest_route=%2Fwp%2Fv2%2Ftags&post=17324"}],"curies":[{"name":"wp","href":"https:\/\/api.w.org\/{rel}","templated":true}]}}