{"id":16991,"date":"2020-10-27T21:52:17","date_gmt":"2020-10-28T03:52:17","guid":{"rendered":"http:\/\/www.noticiashondurashn.com\/?p=16991"},"modified":"2020-10-27T21:52:20","modified_gmt":"2020-10-28T03:52:20","slug":"indice-de-chapultepec-ubica-a-honduras-entre-paises-con-parcial-restriccion-de-libertad-de-expresion","status":"publish","type":"post","link":"http:\/\/www.noticiashondurashn.com\/?p=16991","title":{"rendered":"\u00cdndice de Chapultepec ubica a Honduras entre pa\u00edses con parcial restricci\u00f3n de libertad de expresi\u00f3n"},"content":{"rendered":"\n<p>Chile y Venezuela desnudan las visiones antag\u00f3nicas que tienen las libertades de prensa y expresi\u00f3n en el continente americano, seg\u00fan la nueva herramienta de medici\u00f3n que lanz\u00f3 la Sociedad Interamericana de Prensa (SIP) y que deja a Estados Unidos y Brasil en posiciones preocupantes.<\/p>\n\n\n\n<p>Se trata de un bar\u00f3metro que mide c\u00f3mo los aspectos legales, judiciales y la violencia contra periodistas repercute en materia de ciudadan\u00eda informada y el ejercicio period\u00edstico, con un alto impacto a la democracia en 22 pa\u00edses de las Am\u00e9ricas.<\/p>\n\n\n\n<p>El presidente de la SIP, Jorge Canahuati, dijo que \"no hay sorpresas, pero s\u00ed la ratificaci\u00f3n de que el clima general de libertad de prensa en un pa\u00eds no es ajeno a los avatares pol\u00edticos y est\u00e1 \u00edntimamente ligado a la influencia abusiva del Poder Ejecutivo y la falta de independencia de la Justicia\".<\/p>\n\n\n\n<p>Canahuati dijo que \"nuestra visi\u00f3n no fue construir un ranquin de pa\u00edses, sino la posibilidad de que cada pa\u00eds pueda verse y analizarse a s\u00ed mismo y, sobre todo, que los poderes p\u00fablicos puedan adoptar pol\u00edticas para mejorar cada a\u00f1o sobre la base de los se\u00f1alamientos que el \u00cdndice hace para cada naci\u00f3n en materia de desaf\u00edos, debilidades, fortalezas y oportunidades\".<\/p>\n\n\n\n<p>En la mayor\u00eda de las naciones con puntuaciones bajas, el poder Ejecutivo apareci\u00f3 como el m\u00e1s restrictivo, como en los casos de Venezuela, Cuba y Nicaragua.<\/p>\n\n\n\n<p>Este primer \u00edndice midi\u00f3 el per\u00edodo comprendido entre mayo de 2019 y abril de 2020. Los cambios en las pol\u00edticas aplicadas por los poderes Ejecutivo en los \u00faltimos meses, ya sea por el control de la pandemia, los nuevos procesos electorales o los bruscos cambios en las pol\u00edticas p\u00fablicas pueden haber influenciado y cambiado el entorno sobre libertad de prensa en cualquier pa\u00eds.<\/p>\n\n\n\n<p>La percepci\u00f3n de periodistas, directivos de medios y expertos consultados para este primer \u00cdndice Chapultepec arroja que el mayor cerco institucional contrario a la libre circulaci\u00f3n de ideas y al derecho a la informaci\u00f3n proviene de pa\u00edses con pol\u00edticas autodenominadas socialistas, como Venezuela, Cuba y Nicaragua. Sin embargo, genera preocupaci\u00f3n la acci\u00f3n de l\u00edderes del Poder Ejecutivo en naciones como Estados Unidos y Brasil, que habr\u00edan podido quedar mejor ubicadas en el \u00cdndice, de no haber sido por cuestionamientos relativos a choques institucionales de representantes de los gobiernos centrales contra periodistas y medios, y a las protestas sociales en las que se registr\u00f3 un alto \u00edndice de detenciones arbitrarias de periodistas.<\/p>\n\n\n\n<p>\"De todos modos \u2013 dijo Canahuati \u2013este primer \u00cdndice demuestra que el nivel de libertad de prensa debe elevarse en todos los pa\u00edses, si uno considera que hasta aquellas naciones con mayores libertades no alcanzan a tener plenas garant\u00edas para las libertades de prensa y expresi\u00f3n\".<\/p>\n\n\n\n<p>Basado en esas declaraciones, el \u00cdndice mide la influencia que ejercen los poderes p\u00fablicos, entre otros aspectos, sobre censura directa e indirecta, falta de acceso a la informaci\u00f3n p\u00fablica, discriminaci\u00f3n contra medios por razones pol\u00edticas, restricciones a la movilizaci\u00f3n de periodistas, acoso judicial, detenciones arbitrarias y violencia en general contra medios y periodistas.<\/p>\n\n\n\n<p>En el caso de Honduras se ubica en la posici\u00f3n 22 con un \u00edndice de 53, lo que lo ubica entre los pa\u00edses con parcial restricci\u00f3n.<\/p>\n","protected":false},"excerpt":{"rendered":"<p>Chile y Venezuela desnudan las visiones antag\u00f3nicas que tienen las libertades de prensa y expresi\u00f3n en el continente americano, seg\u00fan<\/p>\n","protected":false},"author":1,"featured_media":16993,"comment_status":"open","ping_status":"open","sticky":false,"template":"","format":"standard","meta":[],"categories":[41,34],"tags":[56,3,76,35],"_links":{"self":[{"href":"http:\/\/www.noticiashondurashn.com\/index.php?rest_route=\/wp\/v2\/posts\/16991"}],"collection":[{"href":"http:\/\/www.noticiashondurashn.com\/index.php?rest_route=\/wp\/v2\/posts"}],"about":[{"href":"http:\/\/www.noticiashondurashn.com\/index.php?rest_route=\/wp\/v2\/types\/post"}],"author":[{"embeddable":true,"href":"http:\/\/www.noticiashondurashn.com\/index.php?rest_route=\/wp\/v2\/users\/1"}],"replies":[{"embeddable":true,"href":"http:\/\/www.noticiashondurashn.com\/index.php?rest_route=%2Fwp%2Fv2%2Fcomments&post=16991"}],"version-history":[{"count":2,"href":"http:\/\/www.noticiashondurashn.com\/index.php?rest_route=\/wp\/v2\/posts\/16991\/revisions"}],"predecessor-version":[{"id":16994,"href":"http:\/\/www.noticiashondurashn.com\/index.php?rest_route=\/wp\/v2\/posts\/16991\/revisions\/16994"}],"wp:featuredmedia":[{"embeddable":true,"href":"http:\/\/www.noticiashondurashn.com\/index.php?rest_route=\/wp\/v2\/media\/16993"}],"wp:attachment":[{"href":"http:\/\/www.noticiashondurashn.com\/index.php?rest_route=%2Fwp%2Fv2%2Fmedia&parent=16991"}],"wp:term":[{"taxonomy":"category","embeddable":true,"href":"http:\/\/www.noticiashondurashn.com\/index.php?rest_route=%2Fwp%2Fv2%2Fcategories&post=16991"},{"taxonomy":"post_tag","embeddable":true,"href":"http:\/\/www.noticiashondurashn.com\/index.php?rest_route=%2Fwp%2Fv2%2Ftags&post=16991"}],"curies":[{"name":"wp","href":"https:\/\/api.w.org\/{rel}","templated":true}]}}