{"id":16836,"date":"2020-09-05T12:35:00","date_gmt":"2020-09-05T18:35:00","guid":{"rendered":"http:\/\/www.noticiashondurashn.com\/?p=16836"},"modified":"2020-09-06T16:34:42","modified_gmt":"2020-09-06T22:34:42","slug":"torturan-y-matan-a-abogado-lider-de-la-organizacion-mundial-mundo-sin-guerras","status":"publish","type":"post","link":"http:\/\/www.noticiashondurashn.com\/?p=16836","title":{"rendered":"Torturan y matan a abogado, l\u00edder de la organizaci\u00f3n mundial Mundo sin Guerras"},"content":{"rendered":"\n<p>El profesional del Derecho y miembro del Partido Humanista mundial, Julio Andr\u00e9s Pineda D\u00edaz, fue asesinado, luego de ser atado y torturado, este fin de semana en Santa Cruz de Uojoa.<\/p>\n\n\n\n<p>El defensor de Derechos Humanos y activista por la paz y la resoluci\u00f3n no-violenta de conflictos, miembro destacado de Mundo sin Guerras y sin Violencia , fue encontrado asesinado y con perforaciones de bala en su cabeza.<\/p>\n\n\n\n<p>Pineda D\u00edaz, de 35 a\u00f1os de edad, fue uno de los voceros de la primera Marcha Centroamericana por la Paz y la No-violencia, en septiembre de 2017 y actualmente, se aprestaba a recibir una funci\u00f3n en la Coordinaci\u00f3n Mundial de Mundo Sin Guerras y Sin Violencia.<\/p>\n\n\n\n<p>El joven profesional hondure\u00f1o era reconocido por su lucha por alcanzar una sociedad m\u00e1s justa, y supuestamente por eso, sujetos de forma cobarde, que operan en un contexto de violencia que permite realizar directa o indirectamente atrocidades inaceptables, le arrebataron la vida.<\/p>\n\n\n\n<p>Diversas organizaciones nacionales e internacionales se han pronunciado condenando el crimen, como el Partido Humanista chileno y Mundo Sin Guerras y Sin Violencia\u00a0Honduras que exige a las autoridades la pronta investigaci\u00f3n de este macabro crimen y el determinado cese y repudio a la violencia desatada en el pa\u00eds. <br \/><\/p>\n\n\n\n<p>\u201cApoyamos la solicitud que hacen respecto de que los organismos internacionales revisen las actuaciones de las autoridades de Honduras en este insostenible contexto de constantes masacres, secuestros y desapariciones de l\u00edderes populares; especialmente de los que defienden los derechos de los Pueblos Originarios\u201d, manifiesta el comunicado.<\/p>\n\n\n\n<p>Igualmente proclama \u201cla profunda rebeld\u00eda que las acciones por la paz y la no violencia en el mundo que Julio Pineda puso en marcha en vida, ser\u00e1n multiplicadas por otras y otros comprometidos por la liberaci\u00f3n del ser humano\u201d.<\/p>\n","protected":false},"excerpt":{"rendered":"<p>El profesional del Derecho y miembro del Partido Humanista mundial, Julio Andr\u00e9s Pineda D\u00edaz, fue asesinado, luego de ser atado<\/p>\n","protected":false},"author":1,"featured_media":16837,"comment_status":"open","ping_status":"open","sticky":false,"template":"","format":"standard","meta":[],"categories":[13,15],"tags":[3,73,71],"_links":{"self":[{"href":"http:\/\/www.noticiashondurashn.com\/index.php?rest_route=\/wp\/v2\/posts\/16836"}],"collection":[{"href":"http:\/\/www.noticiashondurashn.com\/index.php?rest_route=\/wp\/v2\/posts"}],"about":[{"href":"http:\/\/www.noticiashondurashn.com\/index.php?rest_route=\/wp\/v2\/types\/post"}],"author":[{"embeddable":true,"href":"http:\/\/www.noticiashondurashn.com\/index.php?rest_route=\/wp\/v2\/users\/1"}],"replies":[{"embeddable":true,"href":"http:\/\/www.noticiashondurashn.com\/index.php?rest_route=%2Fwp%2Fv2%2Fcomments&post=16836"}],"version-history":[{"count":1,"href":"http:\/\/www.noticiashondurashn.com\/index.php?rest_route=\/wp\/v2\/posts\/16836\/revisions"}],"predecessor-version":[{"id":16838,"href":"http:\/\/www.noticiashondurashn.com\/index.php?rest_route=\/wp\/v2\/posts\/16836\/revisions\/16838"}],"wp:featuredmedia":[{"embeddable":true,"href":"http:\/\/www.noticiashondurashn.com\/index.php?rest_route=\/wp\/v2\/media\/16837"}],"wp:attachment":[{"href":"http:\/\/www.noticiashondurashn.com\/index.php?rest_route=%2Fwp%2Fv2%2Fmedia&parent=16836"}],"wp:term":[{"taxonomy":"category","embeddable":true,"href":"http:\/\/www.noticiashondurashn.com\/index.php?rest_route=%2Fwp%2Fv2%2Fcategories&post=16836"},{"taxonomy":"post_tag","embeddable":true,"href":"http:\/\/www.noticiashondurashn.com\/index.php?rest_route=%2Fwp%2Fv2%2Ftags&post=16836"}],"curies":[{"name":"wp","href":"https:\/\/api.w.org\/{rel}","templated":true}]}}