{"id":16793,"date":"2020-08-26T19:29:42","date_gmt":"2020-08-27T01:29:42","guid":{"rendered":"http:\/\/www.noticiashondurashn.com\/?p=16793"},"modified":"2020-08-26T19:29:44","modified_gmt":"2020-08-27T01:29:44","slug":"elevan-a-juicio-caso-de-involucrado-en-el-crimen-de-berta-caceres","status":"publish","type":"post","link":"http:\/\/www.noticiashondurashn.com\/?p=16793","title":{"rendered":"Elevan a juicio caso de involucrado en el crimen de Berta C\u00e1ceres"},"content":{"rendered":"\n<p>Un tribunal de Tegucigalpa determin\u00f3 elevar a juicio oral y p\u00fablico la causa donde se involucra al ex oficial de las Fuerzas Armadas, David Castillo en el crimen de la ambientalista Berta Caceres.<\/p>\n\n\n\n<p>La decision judicial se produjo luego que familiares hab\u00edan advertido que se pretend\u00eda dejar en libertad a Castillo, al vencerse el plazo de dos a\u00f1os que establece el Codigo Penal.<\/p>\n\n\n\n<p>\u201cEs un paso en la b\u00fasqueda de justicia, verdad y reparaci\u00f3n\u201d, revel\u00f3 en un comunicado el Consejo Civico de Organizaciones Populares e Ind\u00edgenas de Honduras (COPINH).<\/p>\n\n\n\n<p>\u201cLa impunidad se cierne sobre la b\u00fasqueda de justicia, grandes poderes econ\u00f3micos y pol\u00edticos buscan mantener en silencio la verdad del crimen contra Berta C\u00e1ceres y ocultar a los autores intelectuales y asi los cr\u00edmenes contra el pueblo Lenca\u201d, agrega.<\/p>\n\n\n\n<p>El comunicado de COPINH afirma que \u201cDavid Castillo, cumpli\u00f3 el rol de enlace entre el grupo sicarial y los autores intelectuales, la familia Atala Zablah, responsables determinadores del crimen contra Berta C\u00e1ceres, de los ataques al COPINH y a la comunidad de R\u00edo Blanco\u201d.<\/p>\n\n\n\n<p>Finalmente la organizaci\u00f3n ind\u00edgena a la que pertenec\u00eda C\u00e1ceres \u201ces necesario que se juzgue y castigue a David Castillo como co - autor del crimen contra Berta C\u00e1ceres y se avance inmediatamente en el juzgamiento de todos los autores intelectuales. El Ministerio P\u00fablico cuenta con toda la prueba necesaria para esto\u201d.<\/p>\n","protected":false},"excerpt":{"rendered":"<p>Un tribunal de Tegucigalpa determin\u00f3 elevar a juicio oral y p\u00fablico la causa donde se involucra al ex oficial de<\/p>\n","protected":false},"author":1,"featured_media":16794,"comment_status":"open","ping_status":"open","sticky":false,"template":"","format":"standard","meta":[],"categories":[13],"tags":[3,48,105],"_links":{"self":[{"href":"http:\/\/www.noticiashondurashn.com\/index.php?rest_route=\/wp\/v2\/posts\/16793"}],"collection":[{"href":"http:\/\/www.noticiashondurashn.com\/index.php?rest_route=\/wp\/v2\/posts"}],"about":[{"href":"http:\/\/www.noticiashondurashn.com\/index.php?rest_route=\/wp\/v2\/types\/post"}],"author":[{"embeddable":true,"href":"http:\/\/www.noticiashondurashn.com\/index.php?rest_route=\/wp\/v2\/users\/1"}],"replies":[{"embeddable":true,"href":"http:\/\/www.noticiashondurashn.com\/index.php?rest_route=%2Fwp%2Fv2%2Fcomments&post=16793"}],"version-history":[{"count":1,"href":"http:\/\/www.noticiashondurashn.com\/index.php?rest_route=\/wp\/v2\/posts\/16793\/revisions"}],"predecessor-version":[{"id":16795,"href":"http:\/\/www.noticiashondurashn.com\/index.php?rest_route=\/wp\/v2\/posts\/16793\/revisions\/16795"}],"wp:featuredmedia":[{"embeddable":true,"href":"http:\/\/www.noticiashondurashn.com\/index.php?rest_route=\/wp\/v2\/media\/16794"}],"wp:attachment":[{"href":"http:\/\/www.noticiashondurashn.com\/index.php?rest_route=%2Fwp%2Fv2%2Fmedia&parent=16793"}],"wp:term":[{"taxonomy":"category","embeddable":true,"href":"http:\/\/www.noticiashondurashn.com\/index.php?rest_route=%2Fwp%2Fv2%2Fcategories&post=16793"},{"taxonomy":"post_tag","embeddable":true,"href":"http:\/\/www.noticiashondurashn.com\/index.php?rest_route=%2Fwp%2Fv2%2Ftags&post=16793"}],"curies":[{"name":"wp","href":"https:\/\/api.w.org\/{rel}","templated":true}]}}