{"id":1675,"date":"2014-09-15T09:54:03","date_gmt":"2014-09-15T15:54:03","guid":{"rendered":"http:\/\/www.noticiashondurashn.com\/?p=1675"},"modified":"2014-09-15T10:00:21","modified_gmt":"2014-09-15T16:00:21","slug":"ocho-asciende-numero-de-muertos-en-chamelecon","status":"publish","type":"post","link":"http:\/\/www.noticiashondurashn.com\/?p=1675","title":{"rendered":"A ocho asciende n\u00famero de muertos en Chamelec\u00f3n"},"content":{"rendered":"<p>A ocho ascendi\u00f3 el n\u00famero de murieron a tiros en una disputa entre pandillas por territorios para el tr\u00e1fico de drogas y la extorsi\u00f3n en la ciudad de San Pedro Sula.<br \/>\nLas v\u00edctimas son miembros de la pandilla 18 que fueron atacados por integrantes de la Mara Salvatrucha (MS) la noche del domingo en la colonia Lususa, sector de Chamelec\u00f3n.<br \/>\nLos integrantes de la 18 fueron atacados a tiros cuando estaban en una esquina del lugar a mansalva por miembros de la MS por disputas territoriales de ventas de droga y el cobro del mal llamado impuesto de guerra, manifest\u00f3 el jefe de la zona de la Fuerza Interinstitucional de Seguridad (Fusina), Germ\u00e1n Alfaro.<br \/>\nLa matanza se dio a pocas cuadras de donde se encuentra una de las bases de la Fusina, pero hasta el momento el caso no ha sido resuelto, como en la mayor\u00eda que se han dado en el pa\u00eds.<br \/>\nEn el lugar a murieron cinco de los j\u00f3venes y cuatro m\u00e1s fueron llevados al hospital, pero tres de ellos murieron.<figure id=\"attachment_1674\" aria-describedby=\"caption-attachment-1674\" style=\"width: 300px\" class=\"wp-caption alignnone\"><a href=\"http:\/\/www.noticiashondurashn.com\/wp-content\/uploads\/2014\/09\/image48.jpg\"><img decoding=\"async\" loading=\"lazy\" src=\"http:\/\/www.noticiashondurashn.com\/wp-content\/uploads\/2014\/09\/image48-300x161.jpg\" alt=\"Ocho v\u00edctimas cobr\u00f3 el ataque entre pandillas.\" width=\"300\" height=\"161\" class=\"size-medium wp-image-1674\" srcset=\"http:\/\/www.noticiashondurashn.com\/wp-content\/uploads\/2014\/09\/image48-300x161.jpg 300w, http:\/\/www.noticiashondurashn.com\/wp-content\/uploads\/2014\/09\/image48.jpg 936w\" sizes=\"(max-width: 300px) 100vw, 300px\" \/><\/a><figcaption id=\"caption-attachment-1674\" class=\"wp-caption-text\">Ocho v\u00edctimas cobr\u00f3 el ataque entre pandillas.<\/figcaption><\/figure>\n","protected":false},"excerpt":{"rendered":"<p>A ocho ascendi\u00f3 el n\u00famero de murieron a tiros en una disputa entre pandillas por territorios para el tr\u00e1fico de<\/p>\n","protected":false},"author":1,"featured_media":1674,"comment_status":"open","ping_status":"open","sticky":false,"template":"","format":"standard","meta":[],"categories":[15],"tags":[5],"_links":{"self":[{"href":"http:\/\/www.noticiashondurashn.com\/index.php?rest_route=\/wp\/v2\/posts\/1675"}],"collection":[{"href":"http:\/\/www.noticiashondurashn.com\/index.php?rest_route=\/wp\/v2\/posts"}],"about":[{"href":"http:\/\/www.noticiashondurashn.com\/index.php?rest_route=\/wp\/v2\/types\/post"}],"author":[{"embeddable":true,"href":"http:\/\/www.noticiashondurashn.com\/index.php?rest_route=\/wp\/v2\/users\/1"}],"replies":[{"embeddable":true,"href":"http:\/\/www.noticiashondurashn.com\/index.php?rest_route=%2Fwp%2Fv2%2Fcomments&post=1675"}],"version-history":[{"count":2,"href":"http:\/\/www.noticiashondurashn.com\/index.php?rest_route=\/wp\/v2\/posts\/1675\/revisions"}],"predecessor-version":[{"id":1677,"href":"http:\/\/www.noticiashondurashn.com\/index.php?rest_route=\/wp\/v2\/posts\/1675\/revisions\/1677"}],"wp:featuredmedia":[{"embeddable":true,"href":"http:\/\/www.noticiashondurashn.com\/index.php?rest_route=\/wp\/v2\/media\/1674"}],"wp:attachment":[{"href":"http:\/\/www.noticiashondurashn.com\/index.php?rest_route=%2Fwp%2Fv2%2Fmedia&parent=1675"}],"wp:term":[{"taxonomy":"category","embeddable":true,"href":"http:\/\/www.noticiashondurashn.com\/index.php?rest_route=%2Fwp%2Fv2%2Fcategories&post=1675"},{"taxonomy":"post_tag","embeddable":true,"href":"http:\/\/www.noticiashondurashn.com\/index.php?rest_route=%2Fwp%2Fv2%2Ftags&post=1675"}],"curies":[{"name":"wp","href":"https:\/\/api.w.org\/{rel}","templated":true}]}}