{"id":16334,"date":"2020-03-17T10:51:10","date_gmt":"2020-03-17T16:51:10","guid":{"rendered":"http:\/\/www.noticiashondurashn.com\/?p=16334"},"modified":"2020-03-17T14:51:00","modified_gmt":"2020-03-17T20:51:00","slug":"enmedio-de-la-crisis-gobierno-de-honduras-suspende-garantia-de-libertad-de-expresion","status":"publish","type":"post","link":"http:\/\/www.noticiashondurashn.com\/?p=16334","title":{"rendered":"En medio de la crisis gobierno de Honduras suspende la libertad de expresi\u00f3n"},"content":{"rendered":"\n<p>Un nuevo atentado contra la libertad de expresi\u00f3n se esta cometiendo con las medidas que el gobierno de Honduras esta tomando para detener el coronavirus, cuyos primeros casos se dieron desde el pasado miercoles.<\/p>\n\n\n\n<p>Extra\u00f1amente, el gobierno en Consejo de Ministros, dentro de una serie de restricciones de garant\u00edas establecidas en la Constituci\u00f3n de la Rep\u00fablica tambi\u00e9n incluy\u00f3 el articulo 72 que establece que es libre la emisi\u00f3n del pensamiento por cualquier medio sin ninguna restricciones.<\/p>\n\n\n\n<p>Sin ninguna explicaci\u00f3n que se justifique, el gobierno tambi\u00e9n puede restringuir la libertad de expresi\u00f3n y el decreto tampoco exceptua, entre la libre locomoci\u00f3n, al personal de los medios de comunicaci\u00f3n masiva.<\/p>\n\n\n\n<p>Enmedio de la crisis, la medida ha pasado casi inadvertida por los mismos medios de comunicacion, pero algunos sectores se han pronunciado en contra de la arbitraria disposici\u00f3n.<\/p>\n\n\n\n<p>Igualmente se ha cuestionado el abuso en las cadenas de radio y televisi\u00f3n, y lo difuso que han sido los mensajes lanzados por el gobierno, creando confusi\u00f3n en una crisis donde ya reportan ocho casos.<\/p>\n\n\n\n<p>Esta no es la primera vez que el gobierno trata de limitar la libertad de expresi\u00f3n, ya son ampliamente conocidos los controles, v\u00eda publicidad gubernamental, que impone en el pa\u00eds.<\/p>\n","protected":false},"excerpt":{"rendered":"<p>Un nuevo atentado contra la libertad de expresi\u00f3n se esta cometiendo con las medidas que el gobierno de Honduras esta<\/p>\n","protected":false},"author":1,"featured_media":16337,"comment_status":"open","ping_status":"open","sticky":false,"template":"","format":"standard","meta":[],"categories":[34,13],"tags":[8,76,35],"_links":{"self":[{"href":"http:\/\/www.noticiashondurashn.com\/index.php?rest_route=\/wp\/v2\/posts\/16334"}],"collection":[{"href":"http:\/\/www.noticiashondurashn.com\/index.php?rest_route=\/wp\/v2\/posts"}],"about":[{"href":"http:\/\/www.noticiashondurashn.com\/index.php?rest_route=\/wp\/v2\/types\/post"}],"author":[{"embeddable":true,"href":"http:\/\/www.noticiashondurashn.com\/index.php?rest_route=\/wp\/v2\/users\/1"}],"replies":[{"embeddable":true,"href":"http:\/\/www.noticiashondurashn.com\/index.php?rest_route=%2Fwp%2Fv2%2Fcomments&post=16334"}],"version-history":[{"count":3,"href":"http:\/\/www.noticiashondurashn.com\/index.php?rest_route=\/wp\/v2\/posts\/16334\/revisions"}],"predecessor-version":[{"id":16339,"href":"http:\/\/www.noticiashondurashn.com\/index.php?rest_route=\/wp\/v2\/posts\/16334\/revisions\/16339"}],"wp:featuredmedia":[{"embeddable":true,"href":"http:\/\/www.noticiashondurashn.com\/index.php?rest_route=\/wp\/v2\/media\/16337"}],"wp:attachment":[{"href":"http:\/\/www.noticiashondurashn.com\/index.php?rest_route=%2Fwp%2Fv2%2Fmedia&parent=16334"}],"wp:term":[{"taxonomy":"category","embeddable":true,"href":"http:\/\/www.noticiashondurashn.com\/index.php?rest_route=%2Fwp%2Fv2%2Fcategories&post=16334"},{"taxonomy":"post_tag","embeddable":true,"href":"http:\/\/www.noticiashondurashn.com\/index.php?rest_route=%2Fwp%2Fv2%2Ftags&post=16334"}],"curies":[{"name":"wp","href":"https:\/\/api.w.org\/{rel}","templated":true}]}}