{"id":16175,"date":"2020-01-30T22:03:31","date_gmt":"2020-01-31T04:03:31","guid":{"rendered":"http:\/\/www.noticiashondurashn.com\/?p=16175"},"modified":"2020-02-05T06:08:55","modified_gmt":"2020-02-05T12:08:55","slug":"la-libertad-de-expresion-en-honduras-una-utopia","status":"publish","type":"post","link":"http:\/\/www.noticiashondurashn.com\/?p=16175","title":{"rendered":"La libertad de expresi\u00f3n en Honduras: una utop\u00eda"},"content":{"rendered":"\n<p>El libro La Libertad de expresi\u00f3n en Honduras: una utop\u00eda fue presentado oficialmente hoy ante la comunidad universitaria y diferentes sectores de la sociedad sampedrana.<\/p>\n\n\n\n<p>El libro escrito por el periodista Santos G\u00e1lvez Mart\u00ednez fue presentado en la Universidad Cristina Evang\u00e9lica Milenio (UCENM) en la cual se desempe\u00f1a el editor como director de Educaci\u00f3n Contin\u00faa y coordinador de la carrera de T\u00e9cnico en Produccion de Television.<\/p>\n\n\n\n<p>En el se analiza la situaci\u00f3n de libertad de expresi\u00f3n en Honduras que cada vez se va deteriorando m\u00e1s, de acuerdo al ranking de Reporteros Sin Fronteras que ubica al pa\u00eds en rojo, ya que se encuentra en la posici\u00f3n 146 de 180 naciones.<\/p>\n\n\n\n<figure class=\"wp-block-image size-large\"><img decoding=\"async\" loading=\"lazy\" width=\"650\" height=\"452\" src=\"http:\/\/www.noticiashondurashn.com\/wp-content\/uploads\/2020\/01\/AF561325-14A6-4AAB-AD5C-04F5A0593E32-650x452.jpeg\" alt=\"\" class=\"wp-image-16177\" srcset=\"http:\/\/www.noticiashondurashn.com\/wp-content\/uploads\/2020\/01\/AF561325-14A6-4AAB-AD5C-04F5A0593E32-650x452.jpeg 650w, http:\/\/www.noticiashondurashn.com\/wp-content\/uploads\/2020\/01\/AF561325-14A6-4AAB-AD5C-04F5A0593E32-300x209.jpeg 300w, http:\/\/www.noticiashondurashn.com\/wp-content\/uploads\/2020\/01\/AF561325-14A6-4AAB-AD5C-04F5A0593E32-768x534.jpeg 768w, http:\/\/www.noticiashondurashn.com\/wp-content\/uploads\/2020\/01\/AF561325-14A6-4AAB-AD5C-04F5A0593E32.jpeg 1024w\" sizes=\"(max-width: 650px) 100vw, 650px\" \/><figcaption>Estudiantes, familiares, periodistas y autoridades administrativas y docentes de la Ucenm participaron en los actos de presentaci\u00f3n de la obra.<\/figcaption><\/figure>\n\n\n\n<p>G\u00e1lvez destac\u00f3 durante su comparecencia, la importancia de conocer y defender la libertad de expresi\u00f3n como un elemento fundamental en la salud democr\u00e1tica de una naci\u00f3n.<\/p>\n\n\n\n<p>En el acto de presentaci\u00f3n participaron el vicerrector administrativo de la Ucenm, ingeniero Roldan Suazo, el padre del editor, Daniel G\u00e1lvez, autoridades administrativas y docentes, familiares y amigos.<\/p>\n\n\n\n<p>El libro est\u00e1 disponible en la librer\u00eda Liser y en l\u00ednea de puede adquirir en Amazon y Smashwords.<\/p>\n","protected":false},"excerpt":{"rendered":"<p>El libro La Libertad de expresi\u00f3n en Honduras: una utop\u00eda fue presentado oficialmente hoy ante la comunidad universitaria y diferentes<\/p>\n","protected":false},"author":1,"featured_media":16176,"comment_status":"open","ping_status":"open","sticky":false,"template":"","format":"standard","meta":[],"categories":[34,13],"tags":[3,76,35],"_links":{"self":[{"href":"http:\/\/www.noticiashondurashn.com\/index.php?rest_route=\/wp\/v2\/posts\/16175"}],"collection":[{"href":"http:\/\/www.noticiashondurashn.com\/index.php?rest_route=\/wp\/v2\/posts"}],"about":[{"href":"http:\/\/www.noticiashondurashn.com\/index.php?rest_route=\/wp\/v2\/types\/post"}],"author":[{"embeddable":true,"href":"http:\/\/www.noticiashondurashn.com\/index.php?rest_route=\/wp\/v2\/users\/1"}],"replies":[{"embeddable":true,"href":"http:\/\/www.noticiashondurashn.com\/index.php?rest_route=%2Fwp%2Fv2%2Fcomments&post=16175"}],"version-history":[{"count":2,"href":"http:\/\/www.noticiashondurashn.com\/index.php?rest_route=\/wp\/v2\/posts\/16175\/revisions"}],"predecessor-version":[{"id":16185,"href":"http:\/\/www.noticiashondurashn.com\/index.php?rest_route=\/wp\/v2\/posts\/16175\/revisions\/16185"}],"wp:featuredmedia":[{"embeddable":true,"href":"http:\/\/www.noticiashondurashn.com\/index.php?rest_route=\/wp\/v2\/media\/16176"}],"wp:attachment":[{"href":"http:\/\/www.noticiashondurashn.com\/index.php?rest_route=%2Fwp%2Fv2%2Fmedia&parent=16175"}],"wp:term":[{"taxonomy":"category","embeddable":true,"href":"http:\/\/www.noticiashondurashn.com\/index.php?rest_route=%2Fwp%2Fv2%2Fcategories&post=16175"},{"taxonomy":"post_tag","embeddable":true,"href":"http:\/\/www.noticiashondurashn.com\/index.php?rest_route=%2Fwp%2Fv2%2Ftags&post=16175"}],"curies":[{"name":"wp","href":"https:\/\/api.w.org\/{rel}","templated":true}]}}