{"id":16157,"date":"2020-01-22T21:24:23","date_gmt":"2020-01-23T03:24:23","guid":{"rendered":"http:\/\/www.noticiashondurashn.com\/?p=16157"},"modified":"2020-01-22T21:24:27","modified_gmt":"2020-01-23T03:24:27","slug":"ue-lamenta-falta-de-voluntad-de-honduras-para-renovar-mandato-de-mision-anticorrupcion","status":"publish","type":"post","link":"http:\/\/www.noticiashondurashn.com\/?p=16157","title":{"rendered":"UE lamenta falta de voluntad de Honduras para renovar mandato de misi\u00f3n anticorrupci\u00f3n"},"content":{"rendered":"\n<p>La Uni\u00f3n Europea lamenta que el Gobierno de Honduras no consiguiera llegar a un acuerdo con la Organizaci\u00f3n de Estados Americanos (OEA) para extender el mandato de la misi\u00f3n que investiga casos de corrupci\u00f3n en ese pa\u00eds centroamericano, declar\u00f3 el jefe de la diplomacia europea, Josep Borrell.<\/p>\n\n\n\n<p>\"La Uni\u00f3n Europea y los Estados miembros lamentan la falta de voluntad del Gobierno de Honduras para alcanzar el acuerdo con la Organizaci\u00f3n de Estados Americanos sobre una extensi\u00f3n del mandato\", dijo, citado en un comunicado del Consejo de la UE en ingl\u00e9s.<\/p>\n\n\n\n<p>El alto diplom\u00e1tico indic\u00f3 que la decisi\u00f3n de no renovar el mandato de la Misi\u00f3n de Apoyo contra la Corrupci\u00f3n y la Impunidad en Honduras (Maccih) \"es un paso hacia la direcci\u00f3n incorrecta\".<\/p>\n\n\n\n<p>\"Transmite un mensaje negativo que obstaculiza los esfuerzos que se toman para luchar contra la corrupci\u00f3n y la impunidad en el pa\u00eds\", se\u00f1al\u00f3.<\/p>\n\n\n\n<p>Burrell inst\u00f3 al Gobierno hondure\u00f1o a \"intensificar los esfuerzos en la lucha contra la corrupci\u00f3n, incluido a trav\u00e9s de una reforma legislativa y una reorganizaci\u00f3n del sistema de justicia penal\".<\/p>\n\n\n\n<p>\"La UE est\u00e1 dispuesta a apoyar ese tipo de esfuerzos\", concluy\u00f3.<\/p>\n\n\n\n<p>Aleg\u00f3 que para construir un nuevo convenio es importante considerar&nbsp;<strong>las denuncias de algunos sectores<\/strong>&nbsp;sociales, econ\u00f3micos y pol\u00edticos en Honduras \"en las que expresaron sus observaciones y desacuerdos con las actuaciones de algunos funcionarios integrantes de la misi\u00f3n\".<\/p>\n","protected":false},"excerpt":{"rendered":"<p>La Uni\u00f3n Europea lamenta que el Gobierno de Honduras no consiguiera llegar a un acuerdo con la Organizaci\u00f3n de Estados<\/p>\n","protected":false},"author":1,"featured_media":16159,"comment_status":"open","ping_status":"open","sticky":false,"template":"","format":"standard","meta":[],"categories":[41],"tags":[54,8,3],"_links":{"self":[{"href":"http:\/\/www.noticiashondurashn.com\/index.php?rest_route=\/wp\/v2\/posts\/16157"}],"collection":[{"href":"http:\/\/www.noticiashondurashn.com\/index.php?rest_route=\/wp\/v2\/posts"}],"about":[{"href":"http:\/\/www.noticiashondurashn.com\/index.php?rest_route=\/wp\/v2\/types\/post"}],"author":[{"embeddable":true,"href":"http:\/\/www.noticiashondurashn.com\/index.php?rest_route=\/wp\/v2\/users\/1"}],"replies":[{"embeddable":true,"href":"http:\/\/www.noticiashondurashn.com\/index.php?rest_route=%2Fwp%2Fv2%2Fcomments&post=16157"}],"version-history":[{"count":2,"href":"http:\/\/www.noticiashondurashn.com\/index.php?rest_route=\/wp\/v2\/posts\/16157\/revisions"}],"predecessor-version":[{"id":16160,"href":"http:\/\/www.noticiashondurashn.com\/index.php?rest_route=\/wp\/v2\/posts\/16157\/revisions\/16160"}],"wp:featuredmedia":[{"embeddable":true,"href":"http:\/\/www.noticiashondurashn.com\/index.php?rest_route=\/wp\/v2\/media\/16159"}],"wp:attachment":[{"href":"http:\/\/www.noticiashondurashn.com\/index.php?rest_route=%2Fwp%2Fv2%2Fmedia&parent=16157"}],"wp:term":[{"taxonomy":"category","embeddable":true,"href":"http:\/\/www.noticiashondurashn.com\/index.php?rest_route=%2Fwp%2Fv2%2Fcategories&post=16157"},{"taxonomy":"post_tag","embeddable":true,"href":"http:\/\/www.noticiashondurashn.com\/index.php?rest_route=%2Fwp%2Fv2%2Ftags&post=16157"}],"curies":[{"name":"wp","href":"https:\/\/api.w.org\/{rel}","templated":true}]}}