{"id":16127,"date":"2020-01-16T07:58:00","date_gmt":"2020-01-16T13:58:00","guid":{"rendered":"http:\/\/www.noticiashondurashn.com\/?p=16127"},"modified":"2020-01-17T08:09:38","modified_gmt":"2020-01-17T14:09:38","slug":"parar-el-racismo","status":"publish","type":"post","link":"http:\/\/www.noticiashondurashn.com\/?p=16127","title":{"rendered":"Parar el racismo"},"content":{"rendered":"\n<p><strong>Por Jorge Blanco<\/strong><\/p>\n\n\n\n<p>Ya han pasado varios d\u00edas, pero la junta directiva de la Liga Nacional de Primera Divisi\u00f3n se ha quedado callada sobre lo ocurrido el domingo pasado entre un grupo de aficionados del Platense en contra del futbolista Wilmer Crisanto.<br \/><br \/>En paises de Europa, cuando se dan actos de racismo en los estadios de inmediato se toman decisiones. Por lo meno ya hubiesen publicado una nota reprochando lo sucedido o  envi\u00e1ndole una carta en\u00e9rgica a la dirigencia del Platense, exigi\u00e9ndole que deben de parar estas acciones que no le vienen bien al f\u00fatbol, porqu\u00e9 posterior pueden ocasionar enfrentamientos entre hinchas rivales.<\/p>\n\n\n\n<p><img decoding=\"async\" loading=\"lazy\" width=\"551\" height=\"960\" class=\"wp-image-16130\" style=\"width: 150px;\" src=\"http:\/\/www.noticiashondurashn.com\/wp-content\/uploads\/2020\/01\/814EF0BE-AB09-43DE-8AA1-C2566503FB72.jpeg\" alt=\"\" srcset=\"http:\/\/www.noticiashondurashn.com\/wp-content\/uploads\/2020\/01\/814EF0BE-AB09-43DE-8AA1-C2566503FB72.jpeg 551w, http:\/\/www.noticiashondurashn.com\/wp-content\/uploads\/2020\/01\/814EF0BE-AB09-43DE-8AA1-C2566503FB72-172x300.jpeg 172w\" sizes=\"(max-width: 551px) 100vw, 551px\" \/><br \/><br \/>Wilmer Crisanto<\/p>\n\n\n\n<p>Seg\u00fan los hechos, seguidores escualos, al momento que el futbolista Crisantos tocaba el bal\u00f3n, en las gradas gritaban como mono. Fue tan reiterativo que el jugador se molest\u00f3, fue cu\u00e1ndo el ex jugador y ahora diputado al Congreso Nacional, Osman Danilo Ch\u00e1vez presente el estadio trat\u00f3 de apaciguar la situaci\u00f3n.<br \/><br \/>Si recordamos, la FIFA a buscado la forma de parar el racismo, precisamente hace dos a\u00f1os pidi\u00f3 a los equipos de f\u00fatbol que sacaran una bandera de dicha organizaci\u00f3n, la cual dec\u00eda No al racismo, talvez va ser necesario volverla a sacar en los partidos de la LINA.<br \/><br \/>Ojal\u00e1, este tema no lo vean como  una caso normal. La Liga como administradora del certamen ya debi\u00f3 pronunciarse, igual si el organisno disciplinario tiene que actuar lo haga con mano fuerte.<\/p>\n","protected":false},"excerpt":{"rendered":"<p>Por Jorge Blanco Ya han pasado varios d\u00edas, pero la junta directiva de la Liga Nacional de Primera Divisi\u00f3n se<\/p>\n","protected":false},"author":1,"featured_media":16128,"comment_status":"open","ping_status":"open","sticky":false,"template":"","format":"standard","meta":[],"categories":[19,92],"tags":[3,48],"_links":{"self":[{"href":"http:\/\/www.noticiashondurashn.com\/index.php?rest_route=\/wp\/v2\/posts\/16127"}],"collection":[{"href":"http:\/\/www.noticiashondurashn.com\/index.php?rest_route=\/wp\/v2\/posts"}],"about":[{"href":"http:\/\/www.noticiashondurashn.com\/index.php?rest_route=\/wp\/v2\/types\/post"}],"author":[{"embeddable":true,"href":"http:\/\/www.noticiashondurashn.com\/index.php?rest_route=\/wp\/v2\/users\/1"}],"replies":[{"embeddable":true,"href":"http:\/\/www.noticiashondurashn.com\/index.php?rest_route=%2Fwp%2Fv2%2Fcomments&post=16127"}],"version-history":[{"count":1,"href":"http:\/\/www.noticiashondurashn.com\/index.php?rest_route=\/wp\/v2\/posts\/16127\/revisions"}],"predecessor-version":[{"id":16131,"href":"http:\/\/www.noticiashondurashn.com\/index.php?rest_route=\/wp\/v2\/posts\/16127\/revisions\/16131"}],"wp:featuredmedia":[{"embeddable":true,"href":"http:\/\/www.noticiashondurashn.com\/index.php?rest_route=\/wp\/v2\/media\/16128"}],"wp:attachment":[{"href":"http:\/\/www.noticiashondurashn.com\/index.php?rest_route=%2Fwp%2Fv2%2Fmedia&parent=16127"}],"wp:term":[{"taxonomy":"category","embeddable":true,"href":"http:\/\/www.noticiashondurashn.com\/index.php?rest_route=%2Fwp%2Fv2%2Fcategories&post=16127"},{"taxonomy":"post_tag","embeddable":true,"href":"http:\/\/www.noticiashondurashn.com\/index.php?rest_route=%2Fwp%2Fv2%2Ftags&post=16127"}],"curies":[{"name":"wp","href":"https:\/\/api.w.org\/{rel}","templated":true}]}}