{"id":16073,"date":"2019-12-26T17:51:35","date_gmt":"2019-12-26T23:51:35","guid":{"rendered":"http:\/\/www.noticiashondurashn.com\/?p=16073"},"modified":"2019-12-26T19:35:06","modified_gmt":"2019-12-27T01:35:06","slug":"fusina-torturo-a-varias-mujeres-en-el-centro-penal-de-el-progreso","status":"publish","type":"post","link":"http:\/\/www.noticiashondurashn.com\/?p=16073","title":{"rendered":"Fusina tortur\u00f3 a varias mujeres en el centro penal de El Progreso"},"content":{"rendered":"\n<p>Un grupo de mujeres fueron agredidas f\u00edsicamente por militares mientras efectuaban una requisa en el presidio de El Progreso, Yoro denunci\u00f3 en un comunicado hoy el Centro de Prevenci\u00f3n y Tratamiento de V\u00edctimas de la Tortura (CPTRT).<\/p>\n\n\n\n<p>Las mujeres denunciaron al COTRT que al tratar de impedir que les quitaran sus art\u00edculos personales y el dinero que ten\u00edan, fueron atacadas por los uniformados quienes les propinaron azotes con alambres.<br \/><\/p>\n\n\n\n<p>Las afectadas fueron sometidas a tratos crueles, inhumanos y degradantes, al ser azotadas con alambres de hierro, por lo que les causaron lesiones en varias partes del cuerpo, afirm\u00f3 el organismo no gubernamental.<\/p>\n\n\n\n<p>El hecho ocurri\u00f3 el mi\u00e9rcoles, en el momento que miembros de la Fuerza de Seguridad Interinstitucional Nacional (Fusina) ingres\u00f3 al presidio a realizar un operativo, seg\u00fan la denuncia interpuesta ante el Centro.<\/p>\n\n\n\n<p>La organizaci\u00f3n motiva a los familiares de las internas que interpongan denuncias por torturas en el Ministerio P\u00fablico, a fin de que se realicen las investigaciones y se deduzcan responsabilidades.<\/p>\n\n\n\n<p>Fusina reci\u00e9n asumi\u00f3 el control de los 18 centros penales, luego que el titular del Ejecutivo nacionalista Juan Orlando Hern\u00e1ndez  orden\u00f3 la intervenci\u00f3n debido a la oleada de violencia que se vive en los presidios en Honduras y que ha dejado m\u00e1s de 38 muertos en dos reyertas en igual numero de penales, en los \u00faltimos d\u00edas.<\/p>\n\n\n\n<p>Organizaciones defensoras de derechos humanos advirtieron que la remilitarizaci\u00f3n de las c\u00e1rceles provocar\u00eda abusos por los militares, ya que no est\u00e1n preparados para atender a los privados de libertad.<\/p>\n","protected":false},"excerpt":{"rendered":"<p>Un grupo de mujeres fueron agredidas f\u00edsicamente por militares mientras efectuaban una requisa en el presidio de El Progreso, Yoro<\/p>\n","protected":false},"author":1,"featured_media":16074,"comment_status":"open","ping_status":"open","sticky":false,"template":"","format":"standard","meta":[],"categories":[88,13],"tags":[57,8,3],"_links":{"self":[{"href":"http:\/\/www.noticiashondurashn.com\/index.php?rest_route=\/wp\/v2\/posts\/16073"}],"collection":[{"href":"http:\/\/www.noticiashondurashn.com\/index.php?rest_route=\/wp\/v2\/posts"}],"about":[{"href":"http:\/\/www.noticiashondurashn.com\/index.php?rest_route=\/wp\/v2\/types\/post"}],"author":[{"embeddable":true,"href":"http:\/\/www.noticiashondurashn.com\/index.php?rest_route=\/wp\/v2\/users\/1"}],"replies":[{"embeddable":true,"href":"http:\/\/www.noticiashondurashn.com\/index.php?rest_route=%2Fwp%2Fv2%2Fcomments&post=16073"}],"version-history":[{"count":2,"href":"http:\/\/www.noticiashondurashn.com\/index.php?rest_route=\/wp\/v2\/posts\/16073\/revisions"}],"predecessor-version":[{"id":16077,"href":"http:\/\/www.noticiashondurashn.com\/index.php?rest_route=\/wp\/v2\/posts\/16073\/revisions\/16077"}],"wp:featuredmedia":[{"embeddable":true,"href":"http:\/\/www.noticiashondurashn.com\/index.php?rest_route=\/wp\/v2\/media\/16074"}],"wp:attachment":[{"href":"http:\/\/www.noticiashondurashn.com\/index.php?rest_route=%2Fwp%2Fv2%2Fmedia&parent=16073"}],"wp:term":[{"taxonomy":"category","embeddable":true,"href":"http:\/\/www.noticiashondurashn.com\/index.php?rest_route=%2Fwp%2Fv2%2Fcategories&post=16073"},{"taxonomy":"post_tag","embeddable":true,"href":"http:\/\/www.noticiashondurashn.com\/index.php?rest_route=%2Fwp%2Fv2%2Ftags&post=16073"}],"curies":[{"name":"wp","href":"https:\/\/api.w.org\/{rel}","templated":true}]}}