{"id":15941,"date":"2019-11-13T15:23:52","date_gmt":"2019-11-13T21:23:52","guid":{"rendered":"http:\/\/www.noticiashondurashn.com\/?p=15941"},"modified":"2019-11-13T15:23:54","modified_gmt":"2019-11-13T21:23:54","slug":"proceso-abierto-para-nueva-concesion-de-aeropuerto-sampedrano-pide-la-ccic","status":"publish","type":"post","link":"http:\/\/www.noticiashondurashn.com\/?p=15941","title":{"rendered":"Proceso abierto para nueva concesi\u00f3n de aeropuerto sampedrano pide la CCIC"},"content":{"rendered":"\n<p>San Pedro Sula merece un aeropuerto moderno que permita atraer a m\u00e1s aerol\u00edneas con condiciones para que alguna de ellas puedan tener su \u201chub\u201d, en esta ciudad, considera el presidente de la C\u00e1mara de Comercio e Industrias de Cort\u00e9s (CCIC), Jorge Faraj. <br \/><\/p>\n\n\n\n<p>El empresario se refiri\u00f3 al tema debido a que en septiembre del pr\u00f3ximo a\u00f1o vencer\u00e1 la actual concesi\u00f3n de la terminal a\u00e9rea y es la oportunidad para demandar que se ampl\u00ede y que se modernice.<\/p>\n\n\n\n<p>En su cuenta de Twitter, Faraj manifesto que \u201cLa concesi\u00f3n actual del aeropuerto Ram\u00f3n Villeda Morales est\u00e1 por vencerse, en la CCIC le vamos a consultar a los sampedranos c\u00f3mo queremos nuestra terminal a\u00e9rea. San Pedro Sula merece un proceso de licitaci\u00f3n transparente y una infraestructura de primer mundo\u201d.<\/p>\n\n\n\n<p><br \/>El presidente de los empresarios de la zona norte dijo que los sampedranos deben velar para que haya un proceso de licitaci\u00f3n abierto a empresas nacionales e internacionales, con el fin de tener m\u00e1s ofertas para que se construya un aeropuerto moderno como la ciudad lo amerita.<\/p>\n\n\n\n<p>  <br \/>\u201cEs importante que el proceso sea transparente para que participen empresas nacionales y extranjeras, eso permitir\u00e1 tener m\u00e1s ofertas en lo econ\u00f3mico y en dise\u00f1os. Creemos que el Ram\u00f3n Villeda Morales debe tener un n\u00famero de mangas apropiado con las condiciones para que cualquier aerol\u00ednea internacional aspire a tener su hub o centro de conexi\u00f3n en el\u201d, detall\u00f3 Faraj. <br \/><\/p>\n\n\n\n<p>El l\u00edder empresarial considera que es fundamental que se mejoren las \u00e1reas externas e internas, en el sentido de brindar mejor seguridad y que haya \u00e1reas c\u00f3modas para la espera de pasajeros, adem\u00e1s de ampliar el parqueo y que tenga m\u00e1s entradas y salidas. <br \/><\/p>\n\n\n\n<p>El aeropuerto sampedrano conserva un dise\u00f1o de hace m\u00e1s de 40 a\u00f1os y debe modernizarse, es por ello que la CCIC consultar\u00e1 a sus afiliados y a los sampedranos en general qu\u00e9 cambios le gustar\u00eda que se incluyan en las bases de licitaci\u00f3n para la nueva concesi\u00f3n. <br \/><\/p>\n\n\n\n<p>\u201cHaremos las encuestas y demandaremos a las autoridades que se incluyan las sugerencias, estaremos velando por la transparencia durante todo el proceso para la adjudicaci\u00f3n de la nueva concesi\u00f3n\", expres\u00f3 Faraj. <\/p>\n\n\n\n<p>El dirigente empresarial destac\u00f3 la expansi\u00f3n del aeropuerto Internacional de El Salvador que les ha permitido atraer nuevas aerol\u00edneas y aumentar frecuencias a otras y en el 2018 ellos recibieron m\u00e1s de 3.5 millones de pasajeros, mientras que el aeropuerto sampedrano no alcanz\u00f3 el mill\u00f3n de usuario.<\/p>\n","protected":false},"excerpt":{"rendered":"<p>San Pedro Sula merece un aeropuerto moderno que permita atraer a m\u00e1s aerol\u00edneas con condiciones para que alguna de ellas<\/p>\n","protected":false},"author":1,"featured_media":15942,"comment_status":"open","ping_status":"open","sticky":false,"template":"","format":"standard","meta":[],"categories":[13,14],"tags":[8,3,77],"_links":{"self":[{"href":"http:\/\/www.noticiashondurashn.com\/index.php?rest_route=\/wp\/v2\/posts\/15941"}],"collection":[{"href":"http:\/\/www.noticiashondurashn.com\/index.php?rest_route=\/wp\/v2\/posts"}],"about":[{"href":"http:\/\/www.noticiashondurashn.com\/index.php?rest_route=\/wp\/v2\/types\/post"}],"author":[{"embeddable":true,"href":"http:\/\/www.noticiashondurashn.com\/index.php?rest_route=\/wp\/v2\/users\/1"}],"replies":[{"embeddable":true,"href":"http:\/\/www.noticiashondurashn.com\/index.php?rest_route=%2Fwp%2Fv2%2Fcomments&post=15941"}],"version-history":[{"count":2,"href":"http:\/\/www.noticiashondurashn.com\/index.php?rest_route=\/wp\/v2\/posts\/15941\/revisions"}],"predecessor-version":[{"id":15944,"href":"http:\/\/www.noticiashondurashn.com\/index.php?rest_route=\/wp\/v2\/posts\/15941\/revisions\/15944"}],"wp:featuredmedia":[{"embeddable":true,"href":"http:\/\/www.noticiashondurashn.com\/index.php?rest_route=\/wp\/v2\/media\/15942"}],"wp:attachment":[{"href":"http:\/\/www.noticiashondurashn.com\/index.php?rest_route=%2Fwp%2Fv2%2Fmedia&parent=15941"}],"wp:term":[{"taxonomy":"category","embeddable":true,"href":"http:\/\/www.noticiashondurashn.com\/index.php?rest_route=%2Fwp%2Fv2%2Fcategories&post=15941"},{"taxonomy":"post_tag","embeddable":true,"href":"http:\/\/www.noticiashondurashn.com\/index.php?rest_route=%2Fwp%2Fv2%2Ftags&post=15941"}],"curies":[{"name":"wp","href":"https:\/\/api.w.org\/{rel}","templated":true}]}}