{"id":1588,"date":"2014-09-09T09:36:47","date_gmt":"2014-09-09T15:36:47","guid":{"rendered":"http:\/\/www.noticiashondurashn.com\/?p=1588"},"modified":"2014-09-09T09:36:47","modified_gmt":"2014-09-09T15:36:47","slug":"comision-de-la-onu-revisara-estado-de-derecho-de-personas-con-discapacidad","status":"publish","type":"post","link":"http:\/\/www.noticiashondurashn.com\/?p=1588","title":{"rendered":"Comisi\u00f3n de la ONU revisar\u00e1 estado de derecho de personas con discapacidad"},"content":{"rendered":"<p>GINEBRA (9 de septiembre de 2014) \u2013 El Comit\u00e9 de los derechos de las personas con discapacidad (CDPD) revisar\u00e1 al Estado mexicano los d\u00edas 16 y 17 de septiembre.<br \/>\n<figure id=\"attachment_1587\" aria-describedby=\"caption-attachment-1587\" style=\"width: 300px\" class=\"wp-caption alignnone\"><a href=\"http:\/\/www.noticiashondurashn.com\/wp-content\/uploads\/2014\/09\/image24.jpg\"><img decoding=\"async\" loading=\"lazy\" src=\"http:\/\/www.noticiashondurashn.com\/wp-content\/uploads\/2014\/09\/image24-300x225.jpg\" alt=\"ONU revisara estado de derecho de las personas con discapacidad en M\u00e9xico.\" width=\"300\" height=\"225\" class=\"size-medium wp-image-1587\" srcset=\"http:\/\/www.noticiashondurashn.com\/wp-content\/uploads\/2014\/09\/image24-300x225.jpg 300w, http:\/\/www.noticiashondurashn.com\/wp-content\/uploads\/2014\/09\/image24-160x120.jpg 160w, http:\/\/www.noticiashondurashn.com\/wp-content\/uploads\/2014\/09\/image24.jpg 468w\" sizes=\"(max-width: 300px) 100vw, 300px\" \/><\/a><figcaption id=\"caption-attachment-1587\" class=\"wp-caption-text\">ONU revisara estado de derecho de las personas con discapacidad en M\u00e9xico.<\/figcaption><\/figure>M\u00e9xico es uno de los 148 Estados Parte de la Convenci\u00f3n sobre los derechos de las personas con discapacidad, y como tal debe presentar informes peri\u00f3dicos al Comit\u00e9, compuesto de 18 expertos internacionales independientes.<br \/>\nEl CDPD dialogar\u00e1 con la delegaci\u00f3n del gobierno mexicano y tambi\u00e9n escuchar\u00e1 a las organizaciones de personas con discapacidades, ONG y otras organizaciones que representen a personas con discapacidad.<br \/>\nEntre los temas que ser\u00edan discutidos est\u00e1n: la legislaci\u00f3n que declara a las personas con discapacidades legalmente incapaces; los derechos y el debido proceso de personas con discapacidades psicosociales e intelectuales en el nuevo sistema de impartici\u00f3n de justicia; el combate a los mensajes medi\u00e1ticos que refuerzan estereotipos; las regulaciones de los internamientos psiqui\u00e1tricos. <\/p>\n","protected":false},"excerpt":{"rendered":"<p>GINEBRA (9 de septiembre de 2014) \u2013 El Comit\u00e9 de los derechos de las personas con discapacidad (CDPD) revisar\u00e1 al<\/p>\n","protected":false},"author":1,"featured_media":1587,"comment_status":"open","ping_status":"open","sticky":false,"template":"","format":"standard","meta":[],"categories":[41],"tags":[32],"_links":{"self":[{"href":"http:\/\/www.noticiashondurashn.com\/index.php?rest_route=\/wp\/v2\/posts\/1588"}],"collection":[{"href":"http:\/\/www.noticiashondurashn.com\/index.php?rest_route=\/wp\/v2\/posts"}],"about":[{"href":"http:\/\/www.noticiashondurashn.com\/index.php?rest_route=\/wp\/v2\/types\/post"}],"author":[{"embeddable":true,"href":"http:\/\/www.noticiashondurashn.com\/index.php?rest_route=\/wp\/v2\/users\/1"}],"replies":[{"embeddable":true,"href":"http:\/\/www.noticiashondurashn.com\/index.php?rest_route=%2Fwp%2Fv2%2Fcomments&post=1588"}],"version-history":[{"count":1,"href":"http:\/\/www.noticiashondurashn.com\/index.php?rest_route=\/wp\/v2\/posts\/1588\/revisions"}],"predecessor-version":[{"id":1589,"href":"http:\/\/www.noticiashondurashn.com\/index.php?rest_route=\/wp\/v2\/posts\/1588\/revisions\/1589"}],"wp:featuredmedia":[{"embeddable":true,"href":"http:\/\/www.noticiashondurashn.com\/index.php?rest_route=\/wp\/v2\/media\/1587"}],"wp:attachment":[{"href":"http:\/\/www.noticiashondurashn.com\/index.php?rest_route=%2Fwp%2Fv2%2Fmedia&parent=1588"}],"wp:term":[{"taxonomy":"category","embeddable":true,"href":"http:\/\/www.noticiashondurashn.com\/index.php?rest_route=%2Fwp%2Fv2%2Fcategories&post=1588"},{"taxonomy":"post_tag","embeddable":true,"href":"http:\/\/www.noticiashondurashn.com\/index.php?rest_route=%2Fwp%2Fv2%2Ftags&post=1588"}],"curies":[{"name":"wp","href":"https:\/\/api.w.org\/{rel}","templated":true}]}}