{"id":15692,"date":"2019-09-14T12:01:21","date_gmt":"2019-09-14T18:01:21","guid":{"rendered":"http:\/\/www.noticiashondurashn.com\/?p=15692"},"modified":"2019-09-16T14:58:33","modified_gmt":"2019-09-16T20:58:33","slug":"alcaldia-de-tela-prohibe-la-siembra-de-palma-africana-en-el-parque-jeanette-kawas","status":"publish","type":"post","link":"http:\/\/www.noticiashondurashn.com\/?p=15692","title":{"rendered":"Alcald\u00eda de Tela proh\u00edbe la siembra de palma africana en el parque Jeanette Kawas"},"content":{"rendered":"\n<p>Una moci\u00f3n urgente para defender las riquezas naturales y se declare con efecto inmediato la ordenanza de declarar veda forestal de efecto inmediato prohibiendo la tala de \u00e1rboles para fines industriales o comerciales en todo el municipio de Tela, present\u00f3 el regidor Samuel Santos.<\/p>\n\n\n\n<p>La moci\u00f3n que fue aprobada por unanimidad por la Corporaci\u00f3n Municipal, tambi\u00e9n proh\u00edbe la quema de bosques y vegetaci\u00f3n con el fin de sembrar cualquier tipo de plantas no amigables con el ambiente.<\/p>\n\n\n\n<p>Incluye adem\u00e1s prohibir la siembra de nuevas plantaciones de palma africana en las laderas y monta\u00f1as con una inclinaci\u00f3n mayor de 10 grados. De forma particular proh\u00edbe la siembra de palma africana u otros cultivos diferentes a las naturales en los parques Blanca Jeanette Kawas y Punta Isopo, en sus tierras v\u00edrgenes o en aquellas que hayan sido da\u00f1adas por incendios naturales o provocados delictivamente.<\/p>\n\n\n\n<p>Tambi\u00e9n la alcald\u00eda ordena iniciar de manera inmediata la reforestaci\u00f3n de las tierras cercanas a las represas de Piedras Gordas y Ba\u00f1aderos.<\/p>\n\n\n\n<p>Finalmente la moci\u00f3n del regidor del partido Libertad y Refundaci\u00f3n (Libre) pide realizar un cabildo abierto ecol\u00f3gico el s\u00e1bado 12 de Octubre en coordinaci\u00f3n con el Comit\u00e9 Interinstitucional del Ambiente y toda la poblaci\u00f3n de Tela Atl\u00e1ntida.<\/p>\n\n\n\n<p><\/p>\n","protected":false},"excerpt":{"rendered":"<p>Una moci\u00f3n urgente para defender las riquezas naturales y se declare con efecto inmediato la ordenanza de declarar veda forestal<\/p>\n","protected":false},"author":1,"featured_media":15694,"comment_status":"open","ping_status":"open","sticky":false,"template":"","format":"standard","meta":[],"categories":[91,13],"tags":[3,105],"_links":{"self":[{"href":"http:\/\/www.noticiashondurashn.com\/index.php?rest_route=\/wp\/v2\/posts\/15692"}],"collection":[{"href":"http:\/\/www.noticiashondurashn.com\/index.php?rest_route=\/wp\/v2\/posts"}],"about":[{"href":"http:\/\/www.noticiashondurashn.com\/index.php?rest_route=\/wp\/v2\/types\/post"}],"author":[{"embeddable":true,"href":"http:\/\/www.noticiashondurashn.com\/index.php?rest_route=\/wp\/v2\/users\/1"}],"replies":[{"embeddable":true,"href":"http:\/\/www.noticiashondurashn.com\/index.php?rest_route=%2Fwp%2Fv2%2Fcomments&post=15692"}],"version-history":[{"count":2,"href":"http:\/\/www.noticiashondurashn.com\/index.php?rest_route=\/wp\/v2\/posts\/15692\/revisions"}],"predecessor-version":[{"id":15696,"href":"http:\/\/www.noticiashondurashn.com\/index.php?rest_route=\/wp\/v2\/posts\/15692\/revisions\/15696"}],"wp:featuredmedia":[{"embeddable":true,"href":"http:\/\/www.noticiashondurashn.com\/index.php?rest_route=\/wp\/v2\/media\/15694"}],"wp:attachment":[{"href":"http:\/\/www.noticiashondurashn.com\/index.php?rest_route=%2Fwp%2Fv2%2Fmedia&parent=15692"}],"wp:term":[{"taxonomy":"category","embeddable":true,"href":"http:\/\/www.noticiashondurashn.com\/index.php?rest_route=%2Fwp%2Fv2%2Fcategories&post=15692"},{"taxonomy":"post_tag","embeddable":true,"href":"http:\/\/www.noticiashondurashn.com\/index.php?rest_route=%2Fwp%2Fv2%2Ftags&post=15692"}],"curies":[{"name":"wp","href":"https:\/\/api.w.org\/{rel}","templated":true}]}}