{"id":15278,"date":"2019-06-05T13:21:22","date_gmt":"2019-06-05T19:21:22","guid":{"rendered":"http:\/\/www.noticiashondurashn.com\/?p=15278"},"modified":"2019-06-05T13:59:41","modified_gmt":"2019-06-05T19:59:41","slug":"protesta-social","status":"publish","type":"post","link":"http:\/\/www.noticiashondurashn.com\/?p=15278","title":{"rendered":"Protesta social"},"content":{"rendered":"\n<p><strong>Por Radio Progreso y el ERIC-SJ<\/strong><\/p>\n\n\n\n<p>Los funcionarios p\u00fablicos, algunos empresarios, especialmente de Tegucigalpa, y los&nbsp; medios de comunicaci\u00f3n llamados tarifados&nbsp; han pretendido confundir a la opini\u00f3n p\u00fablica queriendo meter en el mismo saco de la convulsi\u00f3n social tanto a la criminalidad como a la protesta social.<br \/>\nEn las movilizaciones actuales, se escuchan voces en algunos medios de comunicaci\u00f3n que hacen creer que las protestas son sin\u00f3nimo de violencia, y que si maestros, trabajadores de la medicina y la poblaci\u00f3n que se manifiesta, lo hacen porque van a quebrar vidrios de comercios y a provocar incendios. Es decir, quieren hacer creer que la protesta es da\u00f1ina para el pa\u00eds y para la econom\u00eda, y quienes protestan son enemigos de la sociedad.<br \/>\nEn estos d\u00edas, una transnacional estadunidense anunci\u00f3 su retiro del pa\u00eds por la p\u00e9rdida de bienes como resultado de las protestas. El retiro de una empresa no es extra\u00f1o, como no es extra\u00f1o el da\u00f1o que hacen muchas empresas transnacionales a las trabajadoras y trabajadores. Pero los empresarios y los medios de comunicaci\u00f3n aprovechan la ocasi\u00f3n para hacerle creer a la gente que el retiro de la empresa se debe a las manifestaciones y tomas de puentes y carreteras de los grupos populares.<br \/>\nEs cierto que tanto la criminalidad como la protesta social se nutren de la pobreza, desempleo, alza de precios, corrupci\u00f3n, abandono del campo por parte del Estado, y en definitiva de la injusta distribuci\u00f3n de la riqueza. Pero as\u00ed como la criminalidad se asocia claramente a grupos de poder en el pa\u00eds conectados con el crimen organizado y con instituciones y funcionarios p\u00fablicos corruptos, la protesta social no tiene ninguna relaci\u00f3n organizativa con la criminalidad.<br \/>\nLa protesta social tiene una relaci\u00f3n directa con los reclamos y malestares justos de los pobres. Y estos reclamos se han ido acrecentando en la medida en que las pol\u00edticas p\u00fablicas agrandan las desigualdades y responden m\u00e1s a intereses de mafias que a las realidades del pa\u00eds.<br \/>\nMientras siga creciendo la inequidad es una responsabilidad \u00e9tica participar en protestas sociales, y es una obligaci\u00f3n descontaminarlas de dirigentes o grupos pol\u00edticos interesados en manipularlas. Las protestas sociales son buena noticia cuando expresan la voluntad de la poblaci\u00f3n de canalizar organizadamente su descontento y demandar respuestas a sus clamores.<br \/>\nCuando abunda la injusticia, la protesta social es un servicio a la paz, la justicia y a la democratizaci\u00f3n de la sociedad. Por ello, la Iglesia debe alentarlas, enriquecerlas, analizarlas, y en todo momento contribuir a que la poblaci\u00f3n se despierte de su letargo.&nbsp; En este proceso es en donde la Iglesia ha de dar su servicio evangelizador, porque un pueblo que no protesta organizada y pac\u00edficamente ante las injusticias m\u00e1s lo humillan los potentados. Y cuando un pueblo se organiza y reclama sus derechos, se hace respetar.<\/p>\n","protected":false},"excerpt":{"rendered":"<p>Por Radio Progreso y el ERIC-SJ Los funcionarios p\u00fablicos, algunos empresarios, especialmente de Tegucigalpa, y los&nbsp; medios de comunicaci\u00f3n llamados<\/p>\n","protected":false},"author":1,"featured_media":15279,"comment_status":"open","ping_status":"open","sticky":false,"template":"","format":"standard","meta":[],"categories":[13,92],"tags":[57,8,3],"_links":{"self":[{"href":"http:\/\/www.noticiashondurashn.com\/index.php?rest_route=\/wp\/v2\/posts\/15278"}],"collection":[{"href":"http:\/\/www.noticiashondurashn.com\/index.php?rest_route=\/wp\/v2\/posts"}],"about":[{"href":"http:\/\/www.noticiashondurashn.com\/index.php?rest_route=\/wp\/v2\/types\/post"}],"author":[{"embeddable":true,"href":"http:\/\/www.noticiashondurashn.com\/index.php?rest_route=\/wp\/v2\/users\/1"}],"replies":[{"embeddable":true,"href":"http:\/\/www.noticiashondurashn.com\/index.php?rest_route=%2Fwp%2Fv2%2Fcomments&post=15278"}],"version-history":[{"count":1,"href":"http:\/\/www.noticiashondurashn.com\/index.php?rest_route=\/wp\/v2\/posts\/15278\/revisions"}],"predecessor-version":[{"id":15280,"href":"http:\/\/www.noticiashondurashn.com\/index.php?rest_route=\/wp\/v2\/posts\/15278\/revisions\/15280"}],"wp:featuredmedia":[{"embeddable":true,"href":"http:\/\/www.noticiashondurashn.com\/index.php?rest_route=\/wp\/v2\/media\/15279"}],"wp:attachment":[{"href":"http:\/\/www.noticiashondurashn.com\/index.php?rest_route=%2Fwp%2Fv2%2Fmedia&parent=15278"}],"wp:term":[{"taxonomy":"category","embeddable":true,"href":"http:\/\/www.noticiashondurashn.com\/index.php?rest_route=%2Fwp%2Fv2%2Fcategories&post=15278"},{"taxonomy":"post_tag","embeddable":true,"href":"http:\/\/www.noticiashondurashn.com\/index.php?rest_route=%2Fwp%2Fv2%2Ftags&post=15278"}],"curies":[{"name":"wp","href":"https:\/\/api.w.org\/{rel}","templated":true}]}}