{"id":15225,"date":"2019-05-26T22:52:41","date_gmt":"2019-05-27T04:52:41","guid":{"rendered":"http:\/\/www.noticiashondurashn.com\/?p=15225"},"modified":"2019-05-28T13:44:50","modified_gmt":"2019-05-28T19:44:50","slug":"premio-alvaro-contreras-demanda-respeto-a-la-libertad-de-expresion","status":"publish","type":"post","link":"http:\/\/www.noticiashondurashn.com\/?p=15225","title":{"rendered":"Premio Alvaro Contreras demanda respeto a la libertad de expresi\u00f3n"},"content":{"rendered":"\n<p>El veterano periodista Salom\u00f3n Salguero Banegas fue galordonado con el premio Alvaro Contreras que con motivo del D\u00eda del Periodista, realiza el Colegio de Periodistas de Honduras (CPH).<\/p>\n\n\n\n<p>La ceremonia que por segunda vez se realiza en San Pedro Sula, cont\u00f3 con la participaci\u00f3n de autoridades de gobierno, de la empresa privada y del cuerpo consular.<\/p>\n\n\n\n<p> El galardonado llam\u00f3 a pedir m\u00e1s respeto al ejercicio de la profesi\u00f3n. \u201cEl premio... es una raz\u00f3n m\u00e1s para actuar de buena fe y valo\u00adrar el papel de los comunicadores, y demandar m\u00e1s respeto a la libertad de expresi\u00f3n. Un pa\u00eds no puede de\u00adsarrollarse con una prensa silencia\u00adda, amedrentada o que se enjaula en la autocensura\u201d. <\/p>\n\n\n\n<p>Agreg\u00f3 que \"nada justifica un silencio a base de decretos, encarcelamiento, ame\u00adnazas o asesinato de periodistas. De todos es conocida la frase \u201csi se ca\u00adlla el cantor calla la vida\u201d. <\/p>\n\n\n\n<figure class=\"wp-block-image\"><img alt=\"\"\/><\/figure>\n\n\n\n<figure class=\"wp-block-image\"><img decoding=\"async\" loading=\"lazy\" width=\"584\" height=\"1024\" src=\"http:\/\/www.noticiashondurashn.com\/wp-content\/uploads\/2019\/05\/D23EA447-2924-4B3C-8A90-F37AC5583DBD-584x1024.jpeg\" alt=\"\" class=\"wp-image-15230\" srcset=\"http:\/\/www.noticiashondurashn.com\/wp-content\/uploads\/2019\/05\/D23EA447-2924-4B3C-8A90-F37AC5583DBD-584x1024.jpeg 584w, http:\/\/www.noticiashondurashn.com\/wp-content\/uploads\/2019\/05\/D23EA447-2924-4B3C-8A90-F37AC5583DBD-171x300.jpeg 171w, http:\/\/www.noticiashondurashn.com\/wp-content\/uploads\/2019\/05\/D23EA447-2924-4B3C-8A90-F37AC5583DBD-768x1347.jpeg 768w, http:\/\/www.noticiashondurashn.com\/wp-content\/uploads\/2019\/05\/D23EA447-2924-4B3C-8A90-F37AC5583DBD.jpeg 1419w\" sizes=\"(max-width: 584px) 100vw, 584px\" \/><figcaption>Salom\u00f3n Salguero tiene una trayectoria de 50 a\u00f1os en el ejercicio period\u00edstico.<\/figcaption><\/figure>\n\n\n\n<p>Igualmente pidi\u00f3 a \"las autorida\u00addes del presente y los futuros gobier\u00adnos que detengan cualquier iniciati\u00adva de ley que atente en contra de la libertad de informaci\u00f3n y expresi\u00f3n. Y por otro lado que se investigue la muerte de al menos 80 comunicado\u00adres que perdieron su vida por ejercer esta profesi\u00f3n\u201d. <\/p>\n\n\n\n<p>Por su parte, el presidente del CPH, Dagoberto Rodr\u00edguez sostuvo que la crisis politica que vive el pais \"ha impactado en la legiti\u00admidad de sus instituciones y ha he\u00adcho que los escenarios pol\u00edticos y sociales del pa\u00eds se vuelvan cada vez m\u00e1s inestables e inciertos, po\u00adniendo en riesgo as\u00ed el ejercicio de la libertad de expresi\u00f3n\u201d.<\/p>\n\n\n\n<p>En ese contexto, Honduras re\u00adgistra una situaci\u00f3n grav\u00edsima y preocupante en materia de liber\u00adtad de expresi\u00f3n sin visos de me\u00adjorar. Para el caso, en las \u00faltimas protestas sociales registradas a ni\u00advel nacional al menos una decena de periodistas sufrieron todo tipo de agresiones por parte de protestantes y las fuerzas del orden, acot\u00f3.<\/p>\n","protected":false},"excerpt":{"rendered":"<p>El veterano periodista Salom\u00f3n Salguero Banegas fue galordonado con el premio Alvaro Contreras que con motivo del D\u00eda del Periodista,<\/p>\n","protected":false},"author":1,"featured_media":15226,"comment_status":"open","ping_status":"open","sticky":false,"template":"","format":"standard","meta":[],"categories":[13],"tags":[3,76,35],"_links":{"self":[{"href":"http:\/\/www.noticiashondurashn.com\/index.php?rest_route=\/wp\/v2\/posts\/15225"}],"collection":[{"href":"http:\/\/www.noticiashondurashn.com\/index.php?rest_route=\/wp\/v2\/posts"}],"about":[{"href":"http:\/\/www.noticiashondurashn.com\/index.php?rest_route=\/wp\/v2\/types\/post"}],"author":[{"embeddable":true,"href":"http:\/\/www.noticiashondurashn.com\/index.php?rest_route=\/wp\/v2\/users\/1"}],"replies":[{"embeddable":true,"href":"http:\/\/www.noticiashondurashn.com\/index.php?rest_route=%2Fwp%2Fv2%2Fcomments&post=15225"}],"version-history":[{"count":3,"href":"http:\/\/www.noticiashondurashn.com\/index.php?rest_route=\/wp\/v2\/posts\/15225\/revisions"}],"predecessor-version":[{"id":15232,"href":"http:\/\/www.noticiashondurashn.com\/index.php?rest_route=\/wp\/v2\/posts\/15225\/revisions\/15232"}],"wp:featuredmedia":[{"embeddable":true,"href":"http:\/\/www.noticiashondurashn.com\/index.php?rest_route=\/wp\/v2\/media\/15226"}],"wp:attachment":[{"href":"http:\/\/www.noticiashondurashn.com\/index.php?rest_route=%2Fwp%2Fv2%2Fmedia&parent=15225"}],"wp:term":[{"taxonomy":"category","embeddable":true,"href":"http:\/\/www.noticiashondurashn.com\/index.php?rest_route=%2Fwp%2Fv2%2Fcategories&post=15225"},{"taxonomy":"post_tag","embeddable":true,"href":"http:\/\/www.noticiashondurashn.com\/index.php?rest_route=%2Fwp%2Fv2%2Ftags&post=15225"}],"curies":[{"name":"wp","href":"https:\/\/api.w.org\/{rel}","templated":true}]}}