{"id":14555,"date":"2018-11-18T20:21:25","date_gmt":"2018-11-19T02:21:25","guid":{"rendered":"http:\/\/www.noticiashondurashn.com\/?p=14555"},"modified":"2018-11-18T20:25:55","modified_gmt":"2018-11-19T02:25:55","slug":"el-grito-de-los-pobres-es-cada-vez-mas-fuerte-pero-menos-escuchado-papa-francisco","status":"publish","type":"post","link":"http:\/\/www.noticiashondurashn.com\/?p=14555","title":{"rendered":"El grito de los pobres es cada vez m\u00e1s fuerte, pero menos escuchado: Papa Francisco"},"content":{"rendered":"\n<h6>Por Walter S\u00e1nchez Silva. ACI Prensa<\/h6>\n\n\n\n<p>El Papa Francisco celebr\u00f3 este domingo 18 de noviembre una Misa por la Jornada Mundial de los Pobres en la que afirm\u00f3 que el grito de estos hermanos es cada vez m\u00e1s fuerte y, lamentablemente, cada vez menos escuchado.<\/p>\n\n\n\n<p>Ante unos 6.000 pobres presentes en la Bas\u00edlica de San Pedro, acompa\u00f1ados por numerosos voluntarios y miembros de asociaciones de caridad que los asisten cotidianamente, el Pont\u00edfice resalt\u00f3 que \u201cla injusticia es la ra\u00edz perversa de la pobreza.&nbsp;<strong>El grito de los pobres se hace cada d\u00eda m\u00e1s fuerte, y cada d\u00eda menos escuchado<\/strong>\u201d. Termina siendo \u201cdominado por el ruido de pocos ricos, que son siempre menos y siempre m\u00e1s ricos\u201d.<\/p>\n\n\n\n<p>El Santo Padre refiri\u00f3 asimismo que \u201cvivir la fe en contacto con los necesitados es importante para todos nosotros. No es una opci\u00f3n sociol\u00f3gica,&nbsp;<strong>no es la moda de un pontificado, es una exigencia teol\u00f3gica<\/strong>. Es reconocerse mendicantes de salvaci\u00f3n, hermanos y hermanas de todos, pero especialmente de los pobres, los predilectos del Se\u00f1or\u201d.<\/p>\n\n\n\n<p>En este d\u00eda, continu\u00f3 el Papa, \u201cpidamos la gracia de escuchar el grito de quien vive en aguas borrascosas. El grito de los pobres: es el grito ahogado de los ni\u00f1os que no pueden ver la luz, de los peque\u00f1os que sufren hambre, de los chicos habituados al fragor de las bombas en lugar de los gritos alegres de los juegos. Es el grito de los ancianos descartados y dejados solos. Es el grito de quien enfrenta la tempestad de la vida sin una presencia amiga. Es el grito de quien debe huir, dejando la casa y la tierra sin la certeza de un lugar adonde llegar. Es el grito de poblaciones enteras privadas de los ingentes recursos naturales de los que disponen. Es&nbsp;<strong>el grito de tantos L\u00e1zaros que lloran, mientras pocos epulones banquetean con lo que, por justicia, pertenece a todos<\/strong>\u201d.<\/p>\n\n\n\n\n\n<p>\u201cAnte la dignidad humana pisoteada con frecuencia permanecemos con los brazos cruzados o se abren los brazos, impotentes ante la oscura fuerza del mal. Pero el cristiano no puede estar con los brazos cruzados, indiferente, o con los brazos abiertos y fatalista, no.&nbsp;<strong>El creyente tiende la mano, como hace Jes\u00fas con \u00c9l<\/strong>\u201d.<\/p>\n\n\n\n<p>El Pont\u00edfice resalt\u00f3 asimismo que \u201cante Dios el grito de los pobres es escuchado. Pregunto: \u00bfy en nosotros? \u00bfTenemos ojos para o\u00edr, o\u00eddos para o\u00edr, manos tendidas para ayudar, o repetimos ese \u2018vuelve ma\u00f1ana\u2019? \u2018Cristo mismo, en la persona de los pobres, reclama en voz alta la caridad de sus disc\u00edpulos\u2019. Nos pide reconocerlo en quien tiene hambre y sed, es forastero y despojados de dignidad, enfermo y encarcelado\u201d.<\/p>\n\n\n\n<p>\u201cEl Se\u00f1or tiende la mano: es un gesto gratuito, no exigido. Y as\u00ed es que se hace. No estamos llamados a hacer el bien solo a quien se quiere. Volver es normal pero Jes\u00fas pide ir m\u00e1s all\u00e1:&nbsp;<strong>pide dar a quien no va a devolver, es decir amar gratuitamente<\/strong>\u201d.<\/p>\n\n\n\n<p>El Papa Francisco explic\u00f3 luego que, como el Se\u00f1or Jes\u00fas en el Evangelio, al cristiano le toca salir al encuentro. \u201c\u00bfPara ir d\u00f3nde? Hacia Dios, rezando, y hacia quien tiene necesidad, amando. Son&nbsp;<strong>los verdaderos tesoros de la vida: Dios y el pr\u00f3jimo<\/strong>. Ir hacia Dios y bajar a los hermanos, esta es la ruta indicada por Jes\u00fas. \u00c9l nos sacude de estar c\u00f3modos en las llanuras de la vida, de vivir ociosamente entre las peque\u00f1as satisfacciones cotidianas.&nbsp;<strong>Los disc\u00edpulos de Jes\u00fas no est\u00e1n hechos para la previsible tranquilidad de una vida normal<\/strong>\u201d.<\/p>\n\n\n\n<p>\u201cComo el Se\u00f1or Jes\u00fas viven su camino, ligeros, listos para dejar las glorias del momento, atentos a no apegarse a los bienes que pasan. El cristiano sabe que su patria est\u00e1 m\u00e1s all\u00e1, sabe que ya es (\u2026) conciudadano de los santos y familiar de Dios\u201d.<\/p>\n\n\n\n\n\n<p>Francisco record\u00f3 que al creyente le toca buscar siempre a Cristo, con la certeza de que \u201cJes\u00fas, solo \u00c9l, vence a nuestros grandes enemigos: el diablo, el pecado, la muerte, el miedo y la mundanidad\u201d.<\/p>\n\n\n\n<p>Ante las tempestades de la vida, continu\u00f3 el Santo Padre, \u201cel secreto de navegar bien es invitar a Jes\u00fas a bordo.&nbsp;<strong>El tim\u00f3n de la vida se le da a \u00c9l para que sea \u00c9l quien defina la ruta<\/strong>. Solo \u00c9l da vida en la muerte y esperanza en el dolor. Solo \u00c9l cura el coraz\u00f3n con el perd\u00f3n y libera del miedo con la confianza. Invitemos a Jes\u00fas a la barca de la vida\u201d. \u201c\u00a1Con \u00c9l a bordo nunca hay naufragio!\u201d, exclam\u00f3.<\/p>\n\n\n\n<p>\u201cMiremos nuestros d\u00edas: Entre las muchas cosas, \u00bfhacemos algo gratuito, algo para quien no tiene como dar algo a cambio? Esa ser\u00e1 nuestra mano tendida, nuestra verdadera riqueza en el cielo. Tiende la mano a nosotros Se\u00f1or y af\u00e9rranos\u201d.<\/p>\n\n\n\n<p>Para concluir, el Papa Francisco pidi\u00f3 a Jes\u00fas que \u201cnos ayudes a amar como amas T\u00fa. Ens\u00e9\u00f1anos a dejar lo que pasa, a animar a quien tenemos al lado, a dar gratuitamente a quien tiene necesidad. Am\u00e9n\u201d.<\/p>\n","protected":false},"excerpt":{"rendered":"<p>Por Walter S\u00e1nchez Silva. ACI Prensa El Papa Francisco celebr\u00f3 este domingo 18 de noviembre una Misa por la Jornada<\/p>\n","protected":false},"author":1,"featured_media":14556,"comment_status":"open","ping_status":"open","sticky":false,"template":"","format":"standard","meta":[],"categories":[41],"tags":[56,3,69],"_links":{"self":[{"href":"http:\/\/www.noticiashondurashn.com\/index.php?rest_route=\/wp\/v2\/posts\/14555"}],"collection":[{"href":"http:\/\/www.noticiashondurashn.com\/index.php?rest_route=\/wp\/v2\/posts"}],"about":[{"href":"http:\/\/www.noticiashondurashn.com\/index.php?rest_route=\/wp\/v2\/types\/post"}],"author":[{"embeddable":true,"href":"http:\/\/www.noticiashondurashn.com\/index.php?rest_route=\/wp\/v2\/users\/1"}],"replies":[{"embeddable":true,"href":"http:\/\/www.noticiashondurashn.com\/index.php?rest_route=%2Fwp%2Fv2%2Fcomments&post=14555"}],"version-history":[{"count":4,"href":"http:\/\/www.noticiashondurashn.com\/index.php?rest_route=\/wp\/v2\/posts\/14555\/revisions"}],"predecessor-version":[{"id":14561,"href":"http:\/\/www.noticiashondurashn.com\/index.php?rest_route=\/wp\/v2\/posts\/14555\/revisions\/14561"}],"wp:featuredmedia":[{"embeddable":true,"href":"http:\/\/www.noticiashondurashn.com\/index.php?rest_route=\/wp\/v2\/media\/14556"}],"wp:attachment":[{"href":"http:\/\/www.noticiashondurashn.com\/index.php?rest_route=%2Fwp%2Fv2%2Fmedia&parent=14555"}],"wp:term":[{"taxonomy":"category","embeddable":true,"href":"http:\/\/www.noticiashondurashn.com\/index.php?rest_route=%2Fwp%2Fv2%2Fcategories&post=14555"},{"taxonomy":"post_tag","embeddable":true,"href":"http:\/\/www.noticiashondurashn.com\/index.php?rest_route=%2Fwp%2Fv2%2Ftags&post=14555"}],"curies":[{"name":"wp","href":"https:\/\/api.w.org\/{rel}","templated":true}]}}