{"id":14354,"date":"2018-10-09T14:48:39","date_gmt":"2018-10-09T20:48:39","guid":{"rendered":"http:\/\/www.noticiashondurashn.com\/?p=14354"},"modified":"2018-10-09T14:48:45","modified_gmt":"2018-10-09T20:48:45","slug":"entregan-premio-campeon-de-la-justicia-al-padre-melo","status":"publish","type":"post","link":"http:\/\/www.noticiashondurashn.com\/?p=14354","title":{"rendered":"Entregan Premio Campe\u00f3n de la Justicia al padre Melo"},"content":{"rendered":"\n<p><br \/>El padre jesuita Ismael Moreno, conocido en Honduras como el Padre \u201cMelo\u201d, fue nombrado como Campe\u00f3n de la Justicia, premio que otorga la organizaci\u00f3n estadounidense Carecen a defensores de derechos humanos que buscan se haga justicia y acabar con la impunidad.<\/p>\n\n\n\n<p>El Padre \u201cMelo\u201d es el director del Equipo de Reflexi\u00f3n, Investigaci\u00f3n y Comunicaci\u00f3n (ERIC) y de Radio Progreso, que tienen su sede principal en la ciudad de El Progreso Yoro, en el Norte de Honduras.<\/p>\n\n\n\n<p>El ERIC y Radio Progreso son obras sociales de la Compa\u00f1\u00eda de Jes\u00fas. Su trabajo se enfoca en la defensa de los derechos humanos, desde los territorios, desde las mujeres, los campesinos, desde la juventud. Entre su trabajo tambi\u00e9n destaca el an\u00e1lisis, la investigaci\u00f3n y la organizaci\u00f3n para que las comunidades fortalezcan sus capacidades para defender sus derechos mediante una estrategia de educaci\u00f3n y comunicaci\u00f3n popular.<\/p>\n\n\n\n<p>En el a\u00f1o 2016, el padre Melo recibi\u00f3 el premio Rafto en la Rep\u00fablica de Noruega, tambi\u00e9n en reconocimiento de su trabajo por la defensa de la vida, por su entrega en la lucha contra la corrupci\u00f3n en un pa\u00eds donde se criminalizan a los defensores de derechos humanos a trav\u00e9s de maniobras impulsadas por el gobierno y los grupos de poder pol\u00edticos y empresariales.<\/p>\n\n\n\n<p>El Padre Ismael Moreno se ha ganado el cari\u00f1o y la admiraci\u00f3n de mucha gente, por su entrega en las luchas sociales. Su trabajo como defensor de derechos humanos ha sido reconocido en diferentes pa\u00edses del mundo, no solo en las comunidades, sino que tambi\u00e9n en grupos gubernamentales, iglesias, universidades y organizaciones de sociedad civil internacionales.<\/p>\n\n\n\n<p>En el ERIC y en Radio Progreso, recibe con mucha alegr\u00eda el reconocimiento que Carecen hace a el Padre Melo como Campe\u00f3n de la Justicia, y que lo recibir\u00e1 el pr\u00f3ximo 11 de octubre en la ciudad de Los \u00c1ngeles, California, Estados Unidos. Reafirma su compromiso por continuar acompa\u00f1ando al pueblo hondure\u00f1o en la b\u00fasqueda de la justicia.<\/p>\n\n\n\n<p>Carecen es una organizaci\u00f3n que busca empoderar a los centroamericanos y a todos los inmigrantes a trav\u00e9s de la defensa de los derechos humanos y civiles, el trabajo por la justicia social y econ\u00f3mica y la promoci\u00f3n de la diversidad cultural. (Bolet\u00edn de la Provincia Centroamericana de la Compa\u00f1\u00eda de Jes\u00fas).<\/p>\n\n\n\n<p><\/p>\n","protected":false},"excerpt":{"rendered":"<p>El padre jesuita Ismael Moreno, conocido en Honduras como el Padre \u201cMelo\u201d, fue nombrado como Campe\u00f3n de la Justicia, premio<\/p>\n","protected":false},"author":1,"featured_media":14355,"comment_status":"open","ping_status":"open","sticky":false,"template":"","format":"standard","meta":[],"categories":[88,41],"tags":[32,3,48],"_links":{"self":[{"href":"http:\/\/www.noticiashondurashn.com\/index.php?rest_route=\/wp\/v2\/posts\/14354"}],"collection":[{"href":"http:\/\/www.noticiashondurashn.com\/index.php?rest_route=\/wp\/v2\/posts"}],"about":[{"href":"http:\/\/www.noticiashondurashn.com\/index.php?rest_route=\/wp\/v2\/types\/post"}],"author":[{"embeddable":true,"href":"http:\/\/www.noticiashondurashn.com\/index.php?rest_route=\/wp\/v2\/users\/1"}],"replies":[{"embeddable":true,"href":"http:\/\/www.noticiashondurashn.com\/index.php?rest_route=%2Fwp%2Fv2%2Fcomments&post=14354"}],"version-history":[{"count":1,"href":"http:\/\/www.noticiashondurashn.com\/index.php?rest_route=\/wp\/v2\/posts\/14354\/revisions"}],"predecessor-version":[{"id":14356,"href":"http:\/\/www.noticiashondurashn.com\/index.php?rest_route=\/wp\/v2\/posts\/14354\/revisions\/14356"}],"wp:featuredmedia":[{"embeddable":true,"href":"http:\/\/www.noticiashondurashn.com\/index.php?rest_route=\/wp\/v2\/media\/14355"}],"wp:attachment":[{"href":"http:\/\/www.noticiashondurashn.com\/index.php?rest_route=%2Fwp%2Fv2%2Fmedia&parent=14354"}],"wp:term":[{"taxonomy":"category","embeddable":true,"href":"http:\/\/www.noticiashondurashn.com\/index.php?rest_route=%2Fwp%2Fv2%2Fcategories&post=14354"},{"taxonomy":"post_tag","embeddable":true,"href":"http:\/\/www.noticiashondurashn.com\/index.php?rest_route=%2Fwp%2Fv2%2Ftags&post=14354"}],"curies":[{"name":"wp","href":"https:\/\/api.w.org\/{rel}","templated":true}]}}