{"id":14296,"date":"2018-09-18T16:47:47","date_gmt":"2018-09-18T22:47:47","guid":{"rendered":"http:\/\/www.noticiashondurashn.com\/?p=14296"},"modified":"2018-09-19T08:19:24","modified_gmt":"2018-09-19T14:19:24","slug":"ordenan-captura-de-policia-por-crimen-de-menor-durante-protesta-postelectoral","status":"publish","type":"post","link":"http:\/\/www.noticiashondurashn.com\/?p=14296","title":{"rendered":"Capturan policia por crimen de menor durante protesta postelectoral"},"content":{"rendered":"\n<h4>En Comayagua fue capturado Olvin Fernando Vel\u00e1squez a quien se acusa de haber dado muerte a menor durante una manifestaci\u00f3n el pasado diciembre.<\/h4>\n\n\n\n<p>La Fiscal\u00eda Especial de Delitos Contra la Vida (FEDCV) de San Pedro Sula \u00a0present\u00f3 requerimiento \ufb01scal con solicitud de orden de captura contra el polic\u00eda preventivo, clase ll Olvin Fernando Gonz\u00e1les Vel\u00e1squez a quien se le supone responsable de haber dado muerte al menor Virgilio Jared \u00c1vila<br \/>Gonz\u00e1les, durante una manifestaci\u00f3n post electoral el pasado mes de diciembre.<\/p>\n\n\n\n<p>Seg\u00fan las investigaciones hechas por los entes encargados, el 4 de diciembre del 2017, en la aldea Agua Blanca Sur de El Progreso,\u00a0<br \/>Yoro, un grupo de personas realizaba manifestaciones en contra de los resultados electorales del pasado mes de noviembre, fue asi que al menos 40 miembros de la Polic\u00eda llegaron al lugar para disuadir la manifestaci\u00f3n inicialmente con gas lacrim\u00f3geno.<\/p>\n\n\n\n<p>Posteriormente el policia se\u00f1alado hizo disparos con su arma de reglamento en contra de los manifestantes, hiriendo mortalmente al joven Avila Gonz\u00e1les.<\/p>\n\n\n\n<p>La Fiscal\u00eda aport\u00f3 como pruebas varios testimonios de testigos protegidos quienes<br \/>narraron lo sucedido esa tarde en el momento en que Olvin Fernando Gonz\u00e1les<br \/>Velasquez, quien era el jefe de la posta policial de la comunidad, dispar\u00f3 en varias ocasiones contra los ciudadanos que se manifestaban, en tal sentido la Fiscal\u00eda lo acusa por el delito de homicidio.<\/p>\n\n\n\n<p>Seg\u00fan organizaciones de derechos humanos, al menos una treintena de personas fueron ultimadas como parte de la crisis postelectoral, pero hasta ahora el <strong><\/strong>Ministerio P\u00fablico presenta el primer caso ante los \u00a0tribunales.<br \/><\/p>\n","protected":false},"excerpt":{"rendered":"<p>En Comayagua fue capturado Olvin Fernando Vel\u00e1squez a quien se acusa de haber dado muerte a menor durante una manifestaci\u00f3n<\/p>\n","protected":false},"author":1,"featured_media":14297,"comment_status":"open","ping_status":"open","sticky":false,"template":"","format":"standard","meta":[],"categories":[88,13],"tags":[32,8,10],"_links":{"self":[{"href":"http:\/\/www.noticiashondurashn.com\/index.php?rest_route=\/wp\/v2\/posts\/14296"}],"collection":[{"href":"http:\/\/www.noticiashondurashn.com\/index.php?rest_route=\/wp\/v2\/posts"}],"about":[{"href":"http:\/\/www.noticiashondurashn.com\/index.php?rest_route=\/wp\/v2\/types\/post"}],"author":[{"embeddable":true,"href":"http:\/\/www.noticiashondurashn.com\/index.php?rest_route=\/wp\/v2\/users\/1"}],"replies":[{"embeddable":true,"href":"http:\/\/www.noticiashondurashn.com\/index.php?rest_route=%2Fwp%2Fv2%2Fcomments&post=14296"}],"version-history":[{"count":4,"href":"http:\/\/www.noticiashondurashn.com\/index.php?rest_route=\/wp\/v2\/posts\/14296\/revisions"}],"predecessor-version":[{"id":14302,"href":"http:\/\/www.noticiashondurashn.com\/index.php?rest_route=\/wp\/v2\/posts\/14296\/revisions\/14302"}],"wp:featuredmedia":[{"embeddable":true,"href":"http:\/\/www.noticiashondurashn.com\/index.php?rest_route=\/wp\/v2\/media\/14297"}],"wp:attachment":[{"href":"http:\/\/www.noticiashondurashn.com\/index.php?rest_route=%2Fwp%2Fv2%2Fmedia&parent=14296"}],"wp:term":[{"taxonomy":"category","embeddable":true,"href":"http:\/\/www.noticiashondurashn.com\/index.php?rest_route=%2Fwp%2Fv2%2Fcategories&post=14296"},{"taxonomy":"post_tag","embeddable":true,"href":"http:\/\/www.noticiashondurashn.com\/index.php?rest_route=%2Fwp%2Fv2%2Ftags&post=14296"}],"curies":[{"name":"wp","href":"https:\/\/api.w.org\/{rel}","templated":true}]}}