{"id":14286,"date":"2018-09-17T22:40:44","date_gmt":"2018-09-18T04:40:44","guid":{"rendered":"http:\/\/www.noticiashondurashn.com\/?p=14286"},"modified":"2018-09-17T22:40:48","modified_gmt":"2018-09-18T04:40:48","slug":"justicia-para-berta-caceres-reclama-greenpeace","status":"publish","type":"post","link":"http:\/\/www.noticiashondurashn.com\/?p=14286","title":{"rendered":"Justicia para Berta C\u00e1ceres reclama Greenpeace"},"content":{"rendered":"\n<p><strong>La organizaci\u00f3n ecologista denuncia que los autores intelectuales del asesinato no se sentar\u00e1n hoy en el banquillo de los acusados en el juicio que comienza en Tegucigalpa para esclarecer los hechos en torno al asesinato de la activista en 2016.<\/strong><\/p>\n\n\n\n<figure class=\"wp-block-image\"><img decoding=\"async\" src=\"http:\/\/tercerainformacion.es\/sites\/default\/files\/articles\/dnsj8a9xcaavfog.jpg\" alt=\"\"\/><\/figure>\n\n\n\n<p><strong>Una activista sostiene un cartel junto a la Embajada de Honduras esta ma\u00f1ana \/ Greenpeace<\/strong><\/p>\n\n\n\n<p>Activistas de Greenpeace han pintado esta ma\u00f1ana en la entrada de la Embajada de Honduras en Madrid, una silueta con el rostro de Berta C\u00e1ceres con el lema \u201cJusticia para Berta C\u00e1ceres\u201d. Tambi\u00e9n han entregado en la Embajada una carta en donde se expresa la preocupaci\u00f3n de la organizaci\u00f3n ecologista y pacifista por las carencias procesales y los temores de que los autores intelectuales del crimen, a\u00fan en libertad, no sean perseguidos ni enjuiciados.<\/p>\n\n\n\n<p><a href=\"http:\/\/www.tercerainformacion.es\/articulo\/internacional\/2018\/09\/15\/comienza-el-juicio-por-el-asesinato-de-berta-caceres\">El juicio comienza\u00a0<\/a>tras m\u00e1s de dos a\u00f1os del asesinato de esta activista hondure\u00f1a y la tentativa de asesinato del l\u00edder ambiental mexicano Gustavo Castro, hechos ocurridos en la noche del 2 de marzo de 2016. El asesinato de Berta C\u00e1ceres se produjo despu\u00e9s de encabezar la oposici\u00f3n al proyecto hidroel\u00e9ctrico Agua Zarca en el r\u00edo Gualcarque, proyecto aprobado en 2013 y que pone en riesgo la supervivencia de la comunidad ind\u00edgena Lenca, comunidad a la que Berta pertenec\u00eda. Berta y su organizaci\u00f3n COPINH (Consejo C\u00edvico de Organizaciones Populares e Ind\u00edgenas de Honduras) fueron sus principales opositores.<\/p>\n\n\n\n<p>\u201cReclamamos Justicia para Berta, y una sentencia que contemple todo el proceso de criminalizaci\u00f3n de esta activista por parte de las personas que planificaron y ordenaron el crimen\u201d, ha declarado Miguel \u00c1ngel Soto, portavoz de Greenpeace Espa\u00f1a, organizaci\u00f3n que ve c\u00f3mo cada vez se presiona m\u00e1s a las personas que defienden el medio ambiente y se pone en riesgo su vida.<\/p>\n\n\n\n<p>\u201cParte del problema es la falta de implementaci\u00f3n adecuada del marco de protecci\u00f3n internacional de derechos de los pueblos ind\u00edgenas, as\u00ed como de las medidas de protecci\u00f3n para las personas defensoras del medioambiente\u201d, ha declarado Soto. \u201cEn este sentido, urge la aprobaci\u00f3n por parte de Naciones Unidas de un marco jur\u00eddico vinculante sobre empresas y derechos humanos que evite situaciones como las que se est\u00e1n viviendo en numerosos pa\u00edses donde las empresas constructoras act\u00faan con total impunidad\u201d. (Tomado de tercerainformacion.es).<\/p>\n","protected":false},"excerpt":{"rendered":"<p>La organizaci\u00f3n ecologista denuncia que los autores intelectuales del asesinato no se sentar\u00e1n hoy en el banquillo de los acusados<\/p>\n","protected":false},"author":1,"featured_media":14288,"comment_status":"open","ping_status":"open","sticky":false,"template":"","format":"standard","meta":[],"categories":[88,41],"tags":[32,3,48],"_links":{"self":[{"href":"http:\/\/www.noticiashondurashn.com\/index.php?rest_route=\/wp\/v2\/posts\/14286"}],"collection":[{"href":"http:\/\/www.noticiashondurashn.com\/index.php?rest_route=\/wp\/v2\/posts"}],"about":[{"href":"http:\/\/www.noticiashondurashn.com\/index.php?rest_route=\/wp\/v2\/types\/post"}],"author":[{"embeddable":true,"href":"http:\/\/www.noticiashondurashn.com\/index.php?rest_route=\/wp\/v2\/users\/1"}],"replies":[{"embeddable":true,"href":"http:\/\/www.noticiashondurashn.com\/index.php?rest_route=%2Fwp%2Fv2%2Fcomments&post=14286"}],"version-history":[{"count":1,"href":"http:\/\/www.noticiashondurashn.com\/index.php?rest_route=\/wp\/v2\/posts\/14286\/revisions"}],"predecessor-version":[{"id":14289,"href":"http:\/\/www.noticiashondurashn.com\/index.php?rest_route=\/wp\/v2\/posts\/14286\/revisions\/14289"}],"wp:featuredmedia":[{"embeddable":true,"href":"http:\/\/www.noticiashondurashn.com\/index.php?rest_route=\/wp\/v2\/media\/14288"}],"wp:attachment":[{"href":"http:\/\/www.noticiashondurashn.com\/index.php?rest_route=%2Fwp%2Fv2%2Fmedia&parent=14286"}],"wp:term":[{"taxonomy":"category","embeddable":true,"href":"http:\/\/www.noticiashondurashn.com\/index.php?rest_route=%2Fwp%2Fv2%2Fcategories&post=14286"},{"taxonomy":"post_tag","embeddable":true,"href":"http:\/\/www.noticiashondurashn.com\/index.php?rest_route=%2Fwp%2Fv2%2Ftags&post=14286"}],"curies":[{"name":"wp","href":"https:\/\/api.w.org\/{rel}","templated":true}]}}