{"id":14278,"date":"2018-09-16T19:57:57","date_gmt":"2018-09-17T01:57:57","guid":{"rendered":"http:\/\/www.noticiashondurashn.com\/?p=14278"},"modified":"2018-09-16T19:58:01","modified_gmt":"2018-09-17T01:58:01","slug":"mision-internacional-llega-a-honduras-para-observar-juicio-de-imputados-en-crimen-de-berta-caceres","status":"publish","type":"post","link":"http:\/\/www.noticiashondurashn.com\/?p=14278","title":{"rendered":"Misi\u00f3n internacional llega a Honduras para observar juicio de imputados en crimen de Berta C\u00e1ceres"},"content":{"rendered":"\n<p>Quince organizaciones internacionales y nacionales, expertos en derechos humanos, derecho internacional y derecho nacional formaron una misi\u00f3n para observar el respeto del derecho a un debido proceso, la tutela judicial efectiva y el derecho de acceso a la justicia de las v\u00edctimas por el asesinato de la defensora de derechos humanos Berta C\u00e1ceres.<\/p>\n\n\n\n<p>Esto, para garantizar que el juicio contra ocho imputados por el asesinato de la l\u00edder ind\u00edgena Lenca,\u00a0 y el intento de asesinato del activista ambiental mexicano Gustavo Castro, se desarrollen\u00a0 de acuerdo con los mejores est\u00e1ndares internacionales y la normativa interna.<\/p>\n\n\n\n<p>El juicio inicia en este lunes 17 de septiembre y se espera concluya el 19 de octubre de 2018 en el Tribunal de Sentencia en Tegucigalpa.<\/p>\n\n\n\n<p>\u201cLa adecuada administraci\u00f3n de la justicia es un componente esencial del Estado de derecho, y un sistema legal que funcione y demuestre su capacidad para actuar con independencia e imparcialidad es fundamental para una sociedad democr\u00e1tica basada en el respeto de los derechos humanos,\u201d se\u00f1alaron representantes de las organizaciones que conforman el grupo.<\/p>\n\n\n\n<p>Durante la misi\u00f3n de observaci\u00f3n, los miembros se reunir\u00e1n con funcionarios judiciales; fiscales, misiones diplom\u00e1ticas, organismos internacionales de derechos humanos, abogados defensores y de las v\u00edctimas, en un esfuerzo por obtener una amplia perspectiva del juicio.<\/p>\n\n\n\n<p><\/p>\n\n\n\n<p>\"En numerosas ocasiones la Comisi\u00f3n Interamericana de Derechos Humanos ha identificado una situaci\u00f3n de impunidad estructural en Honduras, por lo tanto nuestra misi\u00f3n de observaci\u00f3n es un esfuerzo oportuno para monitorear si el proceso judicial cumpla con los est\u00e1ndares internacionales\", agregaron.<\/p>\n\n\n\n<p>En este sentido, las organizaciones que forman la Misi\u00f3n de Observaci\u00f3n llam\u00f3 a las autoridades judiciales a que permitan un correcto desarrollo del proceso, apegado a derecho y en consonancia con las responsabilidades internacionales en materia de derechos humanos que ha asumido Honduras. Esto es particularmente relevante en un contexto en el que la situaci\u00f3n de los defensores y defensoras de derechos humanos en Honduras est\u00e1 en el foco de atenci\u00f3n de la comunidad internacional.<\/p>\n\n\n\n<p>Estas valoraciones se hicieron llegar al \u00a0presidente de la Corte Suprema de Honduras, Rolando Argueta, anunciando la conformaci\u00f3n de dicha misi\u00f3n.<\/p>\n\n\n\n<p>A ra\u00edz de su lucha y su labor de defensa, C\u00e1ceres fue v\u00edctima de numerosas amenazas y campa\u00f1as de estigmatizaci\u00f3n y criminalizaci\u00f3n, lo que llev\u00f3 a que la Comisi\u00f3n Interamericana de Derechos Humanos (CIDH) le otorgara medidas cautelares desde el a\u00f1o 2009.<\/p>\n\n\n\n<p>C\u00e1ceres Flores era coordinadora general del Consejo C\u00edvico de Organizaciones Populares e Ind\u00edgenas de Honduras (COPINH) y fue asesinada el 2 de marzo de 2016, en su casa en La Esperanza, Intibuc\u00e1 en el occidente de Honduras.\u00a0\u00a0 \u00a0<br \/>\u00a0\u00a0\u00a0 \u00a0 \u00a0\u00a0 \u00a0 \u00a0\u00a0 \u00a0<br \/>Adem\u00e1s del territorio, ella defend\u00eda los derechos culturales de los pueblos ind\u00edgenas, y el campesinado, as\u00ed como los derechos de las mujeres.<\/p>\n\n\n\n<p>Por esa destacada labor social, en el a\u00f1o 2015 C\u00e1ceres recibi\u00f3 el Premio Goldman, m\u00e1ximo galard\u00f3n para quienes buscan preservar el medio ambiente.<\/p>\n\n\n\n<p><\/p>\n","protected":false},"excerpt":{"rendered":"<p>Quince organizaciones internacionales y nacionales, expertos en derechos humanos, derecho internacional y derecho nacional formaron una misi\u00f3n para observar el<\/p>\n","protected":false},"author":1,"featured_media":14280,"comment_status":"open","ping_status":"open","sticky":false,"template":"","format":"standard","meta":[],"categories":[91,13],"tags":[3,73,48,105],"_links":{"self":[{"href":"http:\/\/www.noticiashondurashn.com\/index.php?rest_route=\/wp\/v2\/posts\/14278"}],"collection":[{"href":"http:\/\/www.noticiashondurashn.com\/index.php?rest_route=\/wp\/v2\/posts"}],"about":[{"href":"http:\/\/www.noticiashondurashn.com\/index.php?rest_route=\/wp\/v2\/types\/post"}],"author":[{"embeddable":true,"href":"http:\/\/www.noticiashondurashn.com\/index.php?rest_route=\/wp\/v2\/users\/1"}],"replies":[{"embeddable":true,"href":"http:\/\/www.noticiashondurashn.com\/index.php?rest_route=%2Fwp%2Fv2%2Fcomments&post=14278"}],"version-history":[{"count":2,"href":"http:\/\/www.noticiashondurashn.com\/index.php?rest_route=\/wp\/v2\/posts\/14278\/revisions"}],"predecessor-version":[{"id":14281,"href":"http:\/\/www.noticiashondurashn.com\/index.php?rest_route=\/wp\/v2\/posts\/14278\/revisions\/14281"}],"wp:featuredmedia":[{"embeddable":true,"href":"http:\/\/www.noticiashondurashn.com\/index.php?rest_route=\/wp\/v2\/media\/14280"}],"wp:attachment":[{"href":"http:\/\/www.noticiashondurashn.com\/index.php?rest_route=%2Fwp%2Fv2%2Fmedia&parent=14278"}],"wp:term":[{"taxonomy":"category","embeddable":true,"href":"http:\/\/www.noticiashondurashn.com\/index.php?rest_route=%2Fwp%2Fv2%2Fcategories&post=14278"},{"taxonomy":"post_tag","embeddable":true,"href":"http:\/\/www.noticiashondurashn.com\/index.php?rest_route=%2Fwp%2Fv2%2Ftags&post=14278"}],"curies":[{"name":"wp","href":"https:\/\/api.w.org\/{rel}","templated":true}]}}