{"id":14083,"date":"2018-08-12T20:22:01","date_gmt":"2018-08-13T02:22:01","guid":{"rendered":"http:\/\/www.noticiashondurashn.com\/?p=14083"},"modified":"2018-08-12T20:29:38","modified_gmt":"2018-08-13T02:29:38","slug":"ocho-meses-en-carcel-de-maxima-seguridad-llevan-dos-jovenes-por-protestar-contra-joh","status":"publish","type":"post","link":"http:\/\/www.noticiashondurashn.com\/?p=14083","title":{"rendered":"Ocho meses en c\u00e1rcel de m\u00e1xima seguridad por protestar contra JOH"},"content":{"rendered":"\n<p>Despu\u00e9s de ocho meses de encierro en la c\u00e1rcel de m\u00e1xima seguridad, dos j\u00f3venes que fueron detenidos en las protestas post electorales han enviado una carta publica para denunciar hostigamiento y pedir a los miembros de la Oposici\u00f3n que contin\u00faen adelante..<\/p>\n\n\n\n<p><\/p>\n\n\n\n<p>El caso de EdwinEspinal y Ra\u00fal Alvarez refleja la injusticia del sistema jur\u00eddico hondure\u00f1o que castiga al d\u00e9bil, pero es condescendiente con los que tienen poder, como ocurri\u00f3 recientemente en el caso de corrupci\u00f3n Pandora, que se encuentran en casa y \u00fanicamente se presentar a firmar los viernes.<\/p>\n\n\n\n<figure class=\"wp-block-image\"><img decoding=\"async\" loading=\"lazy\" width=\"727\" height=\"540\" src=\"http:\/\/www.noticiashondurashn.com\/wp-content\/uploads\/2018\/08\/CAAB7B1F-8967-4A49-8594-68AA5734D3F6.jpeg\" alt=\"\" class=\"wp-image-14091\" srcset=\"http:\/\/www.noticiashondurashn.com\/wp-content\/uploads\/2018\/08\/CAAB7B1F-8967-4A49-8594-68AA5734D3F6.jpeg 727w, http:\/\/www.noticiashondurashn.com\/wp-content\/uploads\/2018\/08\/CAAB7B1F-8967-4A49-8594-68AA5734D3F6-300x223.jpeg 300w, http:\/\/www.noticiashondurashn.com\/wp-content\/uploads\/2018\/08\/CAAB7B1F-8967-4A49-8594-68AA5734D3F6-650x483.jpeg 650w\" sizes=\"(max-width: 727px) 100vw, 727px\" \/><figcaption>La misiva de Ra\u00fal Alvarez<\/figcaption><\/figure>\n\n\n\n<p>Espinal y \u00c1lvarez, privados de libertad desde el mes de enero, encerrados en El Pozo por protestar contra la reelecci\u00f3n presidencial, y cansados de esperar justicia, redactaron cartas para denunciar que se les hostiga constantemente.<\/p>\n\n\n\n<p>En la misiva enviada a miembros de la Oposici\u00f3n, Espinal manifiesta que a pesar de la tortura psicol\u00f3gica a que est\u00e1n siendo sometidos \"hoy mas que nunca deseamos continuar luchando a su lado\".\u00a0\u00a0<\/p>\n\n\n\n<figure class=\"wp-block-image\"><img decoding=\"async\" loading=\"lazy\" width=\"832\" height=\"540\" src=\"http:\/\/www.noticiashondurashn.com\/wp-content\/uploads\/2018\/08\/F827209F-90EF-4401-A3A8-18F41CCA16A2.jpeg\" alt=\"\" class=\"wp-image-14090\" srcset=\"http:\/\/www.noticiashondurashn.com\/wp-content\/uploads\/2018\/08\/F827209F-90EF-4401-A3A8-18F41CCA16A2.jpeg 832w, http:\/\/www.noticiashondurashn.com\/wp-content\/uploads\/2018\/08\/F827209F-90EF-4401-A3A8-18F41CCA16A2-300x195.jpeg 300w, http:\/\/www.noticiashondurashn.com\/wp-content\/uploads\/2018\/08\/F827209F-90EF-4401-A3A8-18F41CCA16A2-768x498.jpeg 768w, http:\/\/www.noticiashondurashn.com\/wp-content\/uploads\/2018\/08\/F827209F-90EF-4401-A3A8-18F41CCA16A2-650x422.jpeg 650w\" sizes=\"(max-width: 832px) 100vw, 832px\" \/><figcaption>La carta de Edwin Espinal<\/figcaption><\/figure>\n\n\n\n\n\n<blockquote class=\"wp-block-quote  is-style-large\"><p>La falsa justicia hondure\u00f1a que encierra al pobre e inocente y abre sus piernas al saqueador y asesino\": periodista Gilda Silvestruchi.<\/p><\/blockquote>\n","protected":false},"excerpt":{"rendered":"<p>Despu\u00e9s de ocho meses de encierro en la c\u00e1rcel de m\u00e1xima seguridad, dos j\u00f3venes que fueron detenidos en las protestas<\/p>\n","protected":false},"author":1,"featured_media":14089,"comment_status":"open","ping_status":"open","sticky":false,"template":"","format":"standard","meta":[],"categories":[88,13],"tags":[32,3,4],"_links":{"self":[{"href":"http:\/\/www.noticiashondurashn.com\/index.php?rest_route=\/wp\/v2\/posts\/14083"}],"collection":[{"href":"http:\/\/www.noticiashondurashn.com\/index.php?rest_route=\/wp\/v2\/posts"}],"about":[{"href":"http:\/\/www.noticiashondurashn.com\/index.php?rest_route=\/wp\/v2\/types\/post"}],"author":[{"embeddable":true,"href":"http:\/\/www.noticiashondurashn.com\/index.php?rest_route=\/wp\/v2\/users\/1"}],"replies":[{"embeddable":true,"href":"http:\/\/www.noticiashondurashn.com\/index.php?rest_route=%2Fwp%2Fv2%2Fcomments&post=14083"}],"version-history":[{"count":4,"href":"http:\/\/www.noticiashondurashn.com\/index.php?rest_route=\/wp\/v2\/posts\/14083\/revisions"}],"predecessor-version":[{"id":14097,"href":"http:\/\/www.noticiashondurashn.com\/index.php?rest_route=\/wp\/v2\/posts\/14083\/revisions\/14097"}],"wp:featuredmedia":[{"embeddable":true,"href":"http:\/\/www.noticiashondurashn.com\/index.php?rest_route=\/wp\/v2\/media\/14089"}],"wp:attachment":[{"href":"http:\/\/www.noticiashondurashn.com\/index.php?rest_route=%2Fwp%2Fv2%2Fmedia&parent=14083"}],"wp:term":[{"taxonomy":"category","embeddable":true,"href":"http:\/\/www.noticiashondurashn.com\/index.php?rest_route=%2Fwp%2Fv2%2Fcategories&post=14083"},{"taxonomy":"post_tag","embeddable":true,"href":"http:\/\/www.noticiashondurashn.com\/index.php?rest_route=%2Fwp%2Fv2%2Ftags&post=14083"}],"curies":[{"name":"wp","href":"https:\/\/api.w.org\/{rel}","templated":true}]}}