{"id":13789,"date":"2018-06-19T00:35:28","date_gmt":"2018-06-19T06:35:28","guid":{"rendered":"http:\/\/www.noticiashondurashn.com\/?p=13789"},"modified":"2018-06-19T00:35:28","modified_gmt":"2018-06-19T06:35:28","slug":"papa-francisco-advierte-control-informativo-por-parte-de-gobiernos-dictatoriales","status":"publish","type":"post","link":"http:\/\/www.noticiashondurashn.com\/?p=13789","title":{"rendered":"Papa Francisco advierte control informativo por parte de gobiernos dictatoriales"},"content":{"rendered":"<p>Aci Prensa<\/p>\n<p>El Papa Francisco denunci\u00f3 el control hegem\u00f3nico de los medios de comunicaci\u00f3n por parte \u201cgobiernos sin escr\u00fapulos\u201d para calumniar y destruir a los rivales: \u201cas\u00ed avanzan las dictaduras\u201d, asegur\u00f3.<\/p>\n<p>Una vez que los medios de comunicaci\u00f3n han sido neutralizados, \u201cse comienza a juzgar a las instituciones que han sido debilitadas, se destruye a las personas, se las condena, y as\u00ed avanza la dictadura. Las dictaduras, todas, han comenzado as\u00ed, adulterando la comunicaci\u00f3n, poniendo la informaci\u00f3n en manos de una persona sin escr\u00fapulos, de un gobierno sin escr\u00fapulos\u201d.<\/p>\n<p>El Santo Padre se\u00f1al\u00f3 que en muchos pa\u00edses se emplea el m\u00e9todo de \u201cdestruir la comunicaci\u00f3n libre\u201d mediante la derogaci\u00f3n de \u201cla ley de medios de comunicaci\u00f3n para entregar todo el aparato de la comunicaci\u00f3n a una empresa, a una instituci\u00f3n que calumnia, que dice falsedades, que debilita la vida democr\u00e1tica\u201d.<\/p>\n<p>En este sentido, el Pont\u00edfice indic\u00f3 que esta actitud tambi\u00e9n existe en el \u00e1mbito de las relaciones personales cuando se calumnia o se difunden esc\u00e1ndalos de otras personas. \u201cComunicar esc\u00e1ndalos es algo que tiene una seducci\u00f3n enorme. Se seduce con esc\u00e1ndalos, las buenas noticias no seducen\u201d, lament\u00f3.<\/p>\n<p>Entonces, \u201cla comunicaci\u00f3n de ese esc\u00e1ndalo se extiende y esa persona, esa instituci\u00f3n, ese pa\u00eds termina en ruinas. No se juzga a la persona, se juzga a las ruinas de la persona y de las instituciones para que no puedan defenderse\u201d.<\/p>\n<p>Para explicar la maldad existente en la calumnia y c\u00f3mo los poderes se sirven de ella para lograr sus objetivos, el Santo Padre explic\u00f3 la Primera Lectura del d\u00eda, un fragmento del Libro Primero de los Reyes en el que se narra c\u00f3mo la mujer de Ajab, rey de Israel, se vali\u00f3 de la calumnia para matar a Nabot y robarle su terreno, que ambicionaba el rey.<\/p>\n<p>\u201cEl rey Acab deseaba la vi\u00f1a de Nabot y le ofrece dinero. Pero aquel terreno formaba parte de la herencia de sus padres, por lo que Nabot rechaza la oferta. Entonces Acab, que era un caprichoso, hace como los ni\u00f1os cuando no consiguen lo que quieren: llora. Despu\u00e9s, siguiendo el consejo de su mujer, la cruel Jezabel, lo hace acusar falsamente, lo mata y toma posesi\u00f3n de su vi\u00f1a\u201d, resumi\u00f3 Francisco.<\/p>\n<p>\u201cNabot, por lo tanto, es un m\u00e1rtir de la fidelidad a la herencia que recibi\u00f3 de sus padres, una herencia que iba m\u00e1s all\u00e1 de la vi\u00f1a, una herencia del coraz\u00f3n\u201d, explic\u00f3.<\/p>\n<p>En este sentido, explic\u00f3 que el martirio de Nabot es un antecedente del sacrificio de Jes\u00fas en la Cruz, o del martirio de San Esteban y de todos los m\u00e1rtires condenados con falsas acusaciones y calumnias. La calumnia de Acab hacia Nabot es, seg\u00fan el parecer del Papa, paradigm\u00e1tica del modo de proceder de mucha gente, \u201cde muchos Jefes de Estado y de gobierno. Se comienza con una mentira y, tras haber destruida ya sea a una persona, o a una instituci\u00f3n, se le juzga y condena\u201d.<\/p>\n<p>\u201cHay muchas personas, muchos pa\u00edses destruidos por dictaduras malvadas y calumniadoras. Pensemos, por ejemplo, en las dictaduras del pasado siglo. Pensemos en las persecuciones contra los hebreos, por ejemplo. Una comunicaci\u00f3n calumniosa contra los hebreos que los llev\u00f3 a Auschwitz porque no merec\u00edan vivir. Es un horror, pero un horror que contin\u00faa sucediendo hoy: en las peque\u00f1as sociedades, en las personas de muchos pa\u00edses. El primer paso es apropiarse de la comunicaci\u00f3n y, luego, la destrucci\u00f3n, el juicio y la muerte\u201d, concluy\u00f3.<\/p>\n","protected":false},"excerpt":{"rendered":"<p>Aci Prensa El Papa Francisco denunci\u00f3 el control hegem\u00f3nico de los medios de comunicaci\u00f3n por parte \u201cgobiernos sin escr\u00fapulos\u201d para<\/p>\n","protected":false},"author":1,"featured_media":13793,"comment_status":"open","ping_status":"open","sticky":false,"template":"","format":"standard","meta":[],"categories":[41],"tags":[78,76,35],"_links":{"self":[{"href":"http:\/\/www.noticiashondurashn.com\/index.php?rest_route=\/wp\/v2\/posts\/13789"}],"collection":[{"href":"http:\/\/www.noticiashondurashn.com\/index.php?rest_route=\/wp\/v2\/posts"}],"about":[{"href":"http:\/\/www.noticiashondurashn.com\/index.php?rest_route=\/wp\/v2\/types\/post"}],"author":[{"embeddable":true,"href":"http:\/\/www.noticiashondurashn.com\/index.php?rest_route=\/wp\/v2\/users\/1"}],"replies":[{"embeddable":true,"href":"http:\/\/www.noticiashondurashn.com\/index.php?rest_route=%2Fwp%2Fv2%2Fcomments&post=13789"}],"version-history":[{"count":2,"href":"http:\/\/www.noticiashondurashn.com\/index.php?rest_route=\/wp\/v2\/posts\/13789\/revisions"}],"predecessor-version":[{"id":13791,"href":"http:\/\/www.noticiashondurashn.com\/index.php?rest_route=\/wp\/v2\/posts\/13789\/revisions\/13791"}],"wp:featuredmedia":[{"embeddable":true,"href":"http:\/\/www.noticiashondurashn.com\/index.php?rest_route=\/wp\/v2\/media\/13793"}],"wp:attachment":[{"href":"http:\/\/www.noticiashondurashn.com\/index.php?rest_route=%2Fwp%2Fv2%2Fmedia&parent=13789"}],"wp:term":[{"taxonomy":"category","embeddable":true,"href":"http:\/\/www.noticiashondurashn.com\/index.php?rest_route=%2Fwp%2Fv2%2Fcategories&post=13789"},{"taxonomy":"post_tag","embeddable":true,"href":"http:\/\/www.noticiashondurashn.com\/index.php?rest_route=%2Fwp%2Fv2%2Ftags&post=13789"}],"curies":[{"name":"wp","href":"https:\/\/api.w.org\/{rel}","templated":true}]}}