{"id":13737,"date":"2018-06-09T21:41:10","date_gmt":"2018-06-10T03:41:10","guid":{"rendered":"http:\/\/www.noticiashondurashn.com\/?p=13737"},"modified":"2018-06-09T21:48:58","modified_gmt":"2018-06-10T03:48:58","slug":"periodista-detenido-enchachado-y-fichado-porque-les-dijo-a-policias-que-hacian-show","status":"publish","type":"post","link":"http:\/\/www.noticiashondurashn.com\/?p=13737","title":{"rendered":"Periodista detenido, enchachado y fichado porque les dijo a polic\u00edas que hac\u00edan \u201cshow\u201d"},"content":{"rendered":"<p>En un claro abuso de autoridad el periodista Fabio Hern\u00e1n Vallecillo, fue detenido durante 17 horas, enchachado y fichado por la polic\u00eda de forma arbitraria en Juticalpa, Olancho.<\/p>\n<p>El comunicador fue detenido solo porque trato de proteger a un grupo de j\u00f3venes que se llevaban y les dijo a los polic\u00edas que andaban haciendo \u201cshow\u201d capturando a personas porque no andaban su c\u00e9dula. <\/p>\n<p>Tambi\u00e9n les dijo que \u201clos delincuentes ya saben donde viven, vayan a agarrar a esos y les creemos\u201d, lo que les indign\u00f3 m\u00e1s.<\/p>\n<p>Vallecillo quien labora para Canal 8, Cablesat donde dirige su noticiero, fue subido a una patrulla policial y lo anduvieron exhibiendo por la ciudad, como si se tratara de un vil delincuente.<\/p>\n<p>No bastando con ello, le colocaron la placa en su pecho y lo fotografiaron, por lo que le levantaron una ficha donde dec\u00eda que fue detenido por el delito de \u201cirrespeto a la autoridad\u201d.<\/p>\n<p><iframe loading=\"lazy\" width=\"800\" height=\"450\" src=\"https:\/\/www.youtube.com\/embed\/poLDEVJ-tQ8?feature=oembed\" frameborder=\"0\" allow=\"autoplay; encrypted-media\" allowfullscreen><\/iframe><\/p>\n<p>Los Periodistas y comunicadores de Olancho elevaron su voz de protesta y malestar por la violaci\u00f3n a la libertad de expresi\u00f3n por parte de la polic\u00eda.<\/p>\n<p>Particularmente de un oficial de la Polic\u00eda que no fue identificado porque andaba su rostro cubierto con pasamonta\u00f1a, quien hasta se re\u00eda de Vallecillo dici\u00e9ndole que \u201ceste hijo de p... manda en su noticiero, pero que ah\u00ed en la polic\u00eda mand\u00f3 yo\u201d.<\/p>\n<p>La denuncia fue presentada al presidente de la Asociaci\u00f3n de Prensa Hondurena (APH), Carlos Ort\u00edz quien afirm\u00f3 que la trasladar\u00e1 al Comisionado Nacional de los Derechos Humanos.<\/p>\n<p>Ort\u00edz tambi\u00e9n manifest\u00f3 que presentar\u00e1 la queja ante Consejo Nacional de Protecci\u00f3n de Periodistas de la cual forma parte, donde tambi\u00e9n hay representantes de la Policia, a fin de que se tomen medidas contra esos oficiales que violentan la ley.<\/p>\n<p>Vallecillo ya logr\u00f3 sobrevivir milagrosamente a un atentado criminal de que fue objeto en noviembre de 2009 cuando desconocidos le atacaron a balazos y recibi\u00f3 siete heridas de bala.<\/p>\n","protected":false},"excerpt":{"rendered":"<p>En un claro abuso de autoridad el periodista Fabio Hern\u00e1n Vallecillo, fue detenido durante 17 horas, enchachado y fichado por<\/p>\n","protected":false},"author":1,"featured_media":13740,"comment_status":"open","ping_status":"open","sticky":false,"template":"","format":"standard","meta":[],"categories":[34,13],"tags":[70,32,76,35],"_links":{"self":[{"href":"http:\/\/www.noticiashondurashn.com\/index.php?rest_route=\/wp\/v2\/posts\/13737"}],"collection":[{"href":"http:\/\/www.noticiashondurashn.com\/index.php?rest_route=\/wp\/v2\/posts"}],"about":[{"href":"http:\/\/www.noticiashondurashn.com\/index.php?rest_route=\/wp\/v2\/types\/post"}],"author":[{"embeddable":true,"href":"http:\/\/www.noticiashondurashn.com\/index.php?rest_route=\/wp\/v2\/users\/1"}],"replies":[{"embeddable":true,"href":"http:\/\/www.noticiashondurashn.com\/index.php?rest_route=%2Fwp%2Fv2%2Fcomments&post=13737"}],"version-history":[{"count":4,"href":"http:\/\/www.noticiashondurashn.com\/index.php?rest_route=\/wp\/v2\/posts\/13737\/revisions"}],"predecessor-version":[{"id":13742,"href":"http:\/\/www.noticiashondurashn.com\/index.php?rest_route=\/wp\/v2\/posts\/13737\/revisions\/13742"}],"wp:featuredmedia":[{"embeddable":true,"href":"http:\/\/www.noticiashondurashn.com\/index.php?rest_route=\/wp\/v2\/media\/13740"}],"wp:attachment":[{"href":"http:\/\/www.noticiashondurashn.com\/index.php?rest_route=%2Fwp%2Fv2%2Fmedia&parent=13737"}],"wp:term":[{"taxonomy":"category","embeddable":true,"href":"http:\/\/www.noticiashondurashn.com\/index.php?rest_route=%2Fwp%2Fv2%2Fcategories&post=13737"},{"taxonomy":"post_tag","embeddable":true,"href":"http:\/\/www.noticiashondurashn.com\/index.php?rest_route=%2Fwp%2Fv2%2Ftags&post=13737"}],"curies":[{"name":"wp","href":"https:\/\/api.w.org\/{rel}","templated":true}]}}