{"id":13681,"date":"2018-05-29T15:44:36","date_gmt":"2018-05-29T21:44:36","guid":{"rendered":"http:\/\/www.noticiashondurashn.com\/?p=13681"},"modified":"2018-05-29T15:44:36","modified_gmt":"2018-05-29T21:44:36","slug":"denominan-berta-caceres-a-espacio-en-madrid-espana","status":"publish","type":"post","link":"http:\/\/www.noticiashondurashn.com\/?p=13681","title":{"rendered":"Denominan Berta C\u00e1ceres a espacio en Madrid, Espa\u00f1a"},"content":{"rendered":"<p>Un grupo de mujeres que conforman la organizaci\u00f3n gubernamental Madrid Igualdad inaugur\u00f3 ayer el Espacio de Igualdad Berta C\u00e1ceres, en el distrito de Usera de Madrid, Espa\u00f1a.<\/p>\n<p>El Espacio lleva el nombre de C\u00e1ceres como un homenaje a la l\u00edder ind\u00edgena lenca, feminista y activista ambientalista, asesinada en Honduras el 3 de marzo de 2016. <\/p>\n<p>\u201cEl hecho de que este Espacio lleve el nombre de Berta C\u00e1ceres es una manera peque\u00f1ita de hacer justicia, y de hacer que las ense\u00f1anzas de Berta y su comunidad nos acompa\u00f1en, d\u00eda a d\u00eda, en los foros y en los encuentros que mantengan en el Espacio, las vecinas y vecinos del distrito de Usera\u201d, manifest\u00f3 Celia Mayer, concejala del Ayuntamiento de Madrid responsable del \u00c1rea de Gobierno de Pol\u00edticas de G\u00e9nero y Diversidad.<\/p>\n<p>\u201cLas mujeres hacemos justicia recordando a Berta y sus ense\u00f1anzas que son dos, la la primera que merece la pena defender la vida a pesar de las consecuencias y la segunda que no hay enemigo imposible por grande que sea\u201d, record\u00f3 Mayer.  <\/p>\n<p>El acto de inauguraci\u00f3n cont\u00f3 con la intervenci\u00f3n, entre otras artistas y activistas, de la ilustradora hondure\u00f1a Andrea Fonseca, que durante la celebraci\u00f3n del evento pint\u00f3 un mural en honor a Berta C\u00e1ceres en uno de los laterales del edificio.<\/p>\n<p>El Espacio de Igualdad se localiza en la calle Gran Avenida, 14, y ofrecer\u00e1 actividades para el empoderamiento individual y colectivo de las mujeres, y de sensibilizaci\u00f3n y concienciaci\u00f3n ciudadana en materia de igualdad de g\u00e9nero.<\/p>\n","protected":false},"excerpt":{"rendered":"<p>Un grupo de mujeres que conforman la organizaci\u00f3n gubernamental Madrid Igualdad inaugur\u00f3 ayer el Espacio de Igualdad Berta C\u00e1ceres, en<\/p>\n","protected":false},"author":1,"featured_media":13682,"comment_status":"open","ping_status":"open","sticky":false,"template":"","format":"standard","meta":[],"categories":[41],"tags":[30,32,48],"_links":{"self":[{"href":"http:\/\/www.noticiashondurashn.com\/index.php?rest_route=\/wp\/v2\/posts\/13681"}],"collection":[{"href":"http:\/\/www.noticiashondurashn.com\/index.php?rest_route=\/wp\/v2\/posts"}],"about":[{"href":"http:\/\/www.noticiashondurashn.com\/index.php?rest_route=\/wp\/v2\/types\/post"}],"author":[{"embeddable":true,"href":"http:\/\/www.noticiashondurashn.com\/index.php?rest_route=\/wp\/v2\/users\/1"}],"replies":[{"embeddable":true,"href":"http:\/\/www.noticiashondurashn.com\/index.php?rest_route=%2Fwp%2Fv2%2Fcomments&post=13681"}],"version-history":[{"count":1,"href":"http:\/\/www.noticiashondurashn.com\/index.php?rest_route=\/wp\/v2\/posts\/13681\/revisions"}],"predecessor-version":[{"id":13683,"href":"http:\/\/www.noticiashondurashn.com\/index.php?rest_route=\/wp\/v2\/posts\/13681\/revisions\/13683"}],"wp:featuredmedia":[{"embeddable":true,"href":"http:\/\/www.noticiashondurashn.com\/index.php?rest_route=\/wp\/v2\/media\/13682"}],"wp:attachment":[{"href":"http:\/\/www.noticiashondurashn.com\/index.php?rest_route=%2Fwp%2Fv2%2Fmedia&parent=13681"}],"wp:term":[{"taxonomy":"category","embeddable":true,"href":"http:\/\/www.noticiashondurashn.com\/index.php?rest_route=%2Fwp%2Fv2%2Fcategories&post=13681"},{"taxonomy":"post_tag","embeddable":true,"href":"http:\/\/www.noticiashondurashn.com\/index.php?rest_route=%2Fwp%2Fv2%2Ftags&post=13681"}],"curies":[{"name":"wp","href":"https:\/\/api.w.org\/{rel}","templated":true}]}}