{"id":13618,"date":"2018-05-18T07:38:20","date_gmt":"2018-05-18T13:38:20","guid":{"rendered":"http:\/\/www.noticiashondurashn.com\/?p=13618"},"modified":"2018-05-18T07:38:20","modified_gmt":"2018-05-18T13:38:20","slug":"comision-del-congreso-investigara-deforestacion-en-la-cordillera-del-merendon","status":"publish","type":"post","link":"http:\/\/www.noticiashondurashn.com\/?p=13618","title":{"rendered":"Comisi\u00f3n del Congreso investigar\u00e1 deforestaci\u00f3n en la cordillera del Merend\u00f3n"},"content":{"rendered":"<p>El Congreso Nacional aprob\u00f3 una moci\u00f3n para que se investigue el da\u00f1o que est\u00e1 sufriendo la cordillera de El Merendon, considerado un importante pulm\u00f3n ambiental para el Valle de Sula.<\/p>\n<p>La moci\u00f3n fue presentada por el diputado del departamento de Cort\u00e9s, Edgardo Castro y aprobada por unanimidad por los diputados del Congreso Nacional.<\/p>\n<p>Castro manifest\u00f3 que el prop\u00f3sito es que los inescrepulosos no sigan destruyendo nuestra fuente de agua, ya que en la cordillera que abarca varios municipios donde nacen las fuentes de agua que abastece a gran parte de la poblaci\u00f3n del Valle.<\/p>\n<p>Record\u00f3 que la cordillera abastece de agua a los municipios de San Pedro SULA, Omoa y Choloma, y en total tienen un impacto para dos millones de habitantes.<\/p>\n<p>La monta\u00f1a est\u00e1 siendo destruida en Cofrad\u00eda, San Pedro Sula, Choloma y Omoa entre otros, justific\u00f3 el congresista del partido Liberad y Refundaci\u00f3n (Libre).<\/p>\n<p>A la iniciativa se sum\u00f3 el diputado Samuel Madrid quien expres\u00f3 que es necesario que se investigue y se rinda yn informe sobre los da\u00f1os a la cordillera del Merend\u00f3n que esta siendo deforestada por construcciones que se acobijan en la cota 400.<\/p>\n<p>Indic\u00f3 que <strong>la iniciativa se orienta a la derogacion de cualquier decreto anterior  que afecte la cordillera.<\/strong><\/p>\n<p>Con la aprobaci\u00f3n de la moci\u00f3n se nombrar\u00e1 una comisi\u00f3n multipartidaria, con diputados particularmente del departamento de Cort\u00e9s, que presentar\u00e1 un informe al seno de la C\u00e1mara.<\/p>\n","protected":false},"excerpt":{"rendered":"<p>El Congreso Nacional aprob\u00f3 una moci\u00f3n para que se investigue el da\u00f1o que est\u00e1 sufriendo la cordillera de El Merendon,<\/p>\n","protected":false},"author":1,"featured_media":13619,"comment_status":"open","ping_status":"open","sticky":false,"template":"","format":"standard","meta":[],"categories":[91,13],"tags":[30,69,5,40],"_links":{"self":[{"href":"http:\/\/www.noticiashondurashn.com\/index.php?rest_route=\/wp\/v2\/posts\/13618"}],"collection":[{"href":"http:\/\/www.noticiashondurashn.com\/index.php?rest_route=\/wp\/v2\/posts"}],"about":[{"href":"http:\/\/www.noticiashondurashn.com\/index.php?rest_route=\/wp\/v2\/types\/post"}],"author":[{"embeddable":true,"href":"http:\/\/www.noticiashondurashn.com\/index.php?rest_route=\/wp\/v2\/users\/1"}],"replies":[{"embeddable":true,"href":"http:\/\/www.noticiashondurashn.com\/index.php?rest_route=%2Fwp%2Fv2%2Fcomments&post=13618"}],"version-history":[{"count":1,"href":"http:\/\/www.noticiashondurashn.com\/index.php?rest_route=\/wp\/v2\/posts\/13618\/revisions"}],"predecessor-version":[{"id":13620,"href":"http:\/\/www.noticiashondurashn.com\/index.php?rest_route=\/wp\/v2\/posts\/13618\/revisions\/13620"}],"wp:featuredmedia":[{"embeddable":true,"href":"http:\/\/www.noticiashondurashn.com\/index.php?rest_route=\/wp\/v2\/media\/13619"}],"wp:attachment":[{"href":"http:\/\/www.noticiashondurashn.com\/index.php?rest_route=%2Fwp%2Fv2%2Fmedia&parent=13618"}],"wp:term":[{"taxonomy":"category","embeddable":true,"href":"http:\/\/www.noticiashondurashn.com\/index.php?rest_route=%2Fwp%2Fv2%2Fcategories&post=13618"},{"taxonomy":"post_tag","embeddable":true,"href":"http:\/\/www.noticiashondurashn.com\/index.php?rest_route=%2Fwp%2Fv2%2Ftags&post=13618"}],"curies":[{"name":"wp","href":"https:\/\/api.w.org\/{rel}","templated":true}]}}