{"id":13596,"date":"2018-05-14T23:04:03","date_gmt":"2018-05-15T05:04:03","guid":{"rendered":"http:\/\/www.noticiashondurashn.com\/?p=13596"},"modified":"2018-05-14T23:04:03","modified_gmt":"2018-05-15T05:04:03","slug":"que-apoya-una-fiscalia-especial-de-proteccion-a-los-comunicadores-afirma-presidente-joh","status":"publish","type":"post","link":"http:\/\/www.noticiashondurashn.com\/?p=13596","title":{"rendered":"Que apoya una fiscal\u00eda especial de protecci\u00f3n a los comunicadores, afirma presidente JOH"},"content":{"rendered":"<p><strong>El presidente Hern\u00e1ndez manifest\u00f3 que apoya la creaci\u00f3n de una fiscal\u00eda especial para proteger a los periodistas y comunicadores sociales.<\/strong><\/p>\n<p>El respaldo a la protecci\u00f3n de periodistas, comunicadores sociales y\u00a0operadores de justicia fue la promesa que hizo el presidente Juan Orlando Hern\u00e1ndez con el Consejo Nacional de Protecci\u00f3n para Defensores de los Derechos Humanos, Periodistas, Comunicadores Sociales y Operadores de Justicia.<\/p>\n<p>\u201cFue una reuni\u00f3n muy positiva\u201d, destac\u00f3 Karla Cuevas, titular de la Secretar\u00eda de Derechos Humanos (DDHH).<\/p>\n<p>Explic\u00f3 que este mecanismo lleva m\u00e1s de dos a\u00f1os en funci\u00f3n y que\u00a0\u201ca la fecha hemos protegido a m\u00e1s de 211 personas que ejercen el derecho, as\u00ed como a ustedes (comunicadores) en defender la libertad de expresi\u00f3n y derechos humanos\u201d.<\/p>\n<p>Adem\u00e1s, explic\u00f3 que en la reuni\u00f3n se abordaron temas como la creaci\u00f3n de una fiscal\u00eda especial para proteger a los periodistas y comunicadores sociales.<\/p>\n<p>\u201cQueremos defender sus derechos y a los riesgos que ustedes se enfrentan\u201d, indic\u00f3 Cuevas al tiempo que adelant\u00f3 que el presidente Hern\u00e1ndez sostendr\u00e1 reuniones con el gremio period\u00edstico de manera m\u00e1s fluida.<\/p>\n<p>En el di\u00e1logo participaron directivos integrantes del Colegio de Periodistas de Honduras (CPH), la Asociaci\u00f3n de Prensa Hondure\u00f1a (APH) y de otros organismos que integran el Consejo.<\/p>\n<p>El presidente de la APH, Carlos Ortiz, coment\u00f3 que \u201chemos visto el compromiso del presidente Hern\u00e1ndez en fortalecer y mejorar el mecanismo financieramente, no solo con 20 millones de lempiras de la Tasa de Seguridad\u201d.<\/p>\n<p>\u201cSe comprometi\u00f3 en llevar al Consejo al interior del\u00a0\u00a0pa\u00eds y se comprometi\u00f3 en cada dos meses en acompa\u00f1arnos en el Consejo Nacional de Protecci\u00f3n y\u00a0eso es un avance sustancial\u201d, exterioriz\u00f3 Ortiz.<\/p>\n<p>A\u00f1adi\u00f3 que en la reuni\u00f3n de trabajo con el titular del Ejecutivo tambi\u00e9n tocaron temas\u00a0como la ley reforma del art\u00edculo 335-B del C\u00f3digo Penal que habla sobre la \u201capolog\u00eda del terrorismo\u201d y \u201clos medios de comunicaci\u00f3n y difusi\u00f3n\u201d, y que recientemente fue declarado inconstitucional por la Fiscal\u00eda Especial de Defensa de la Constituci\u00f3n.<\/p>\n","protected":false},"excerpt":{"rendered":"<p>El presidente Hern\u00e1ndez manifest\u00f3 que apoya la creaci\u00f3n de una fiscal\u00eda especial para proteger a los periodistas y comunicadores sociales.<\/p>\n","protected":false},"author":1,"featured_media":13597,"comment_status":"open","ping_status":"open","sticky":false,"template":"","format":"standard","meta":[],"categories":[34,13],"tags":[8,3,76,35],"_links":{"self":[{"href":"http:\/\/www.noticiashondurashn.com\/index.php?rest_route=\/wp\/v2\/posts\/13596"}],"collection":[{"href":"http:\/\/www.noticiashondurashn.com\/index.php?rest_route=\/wp\/v2\/posts"}],"about":[{"href":"http:\/\/www.noticiashondurashn.com\/index.php?rest_route=\/wp\/v2\/types\/post"}],"author":[{"embeddable":true,"href":"http:\/\/www.noticiashondurashn.com\/index.php?rest_route=\/wp\/v2\/users\/1"}],"replies":[{"embeddable":true,"href":"http:\/\/www.noticiashondurashn.com\/index.php?rest_route=%2Fwp%2Fv2%2Fcomments&post=13596"}],"version-history":[{"count":1,"href":"http:\/\/www.noticiashondurashn.com\/index.php?rest_route=\/wp\/v2\/posts\/13596\/revisions"}],"predecessor-version":[{"id":13598,"href":"http:\/\/www.noticiashondurashn.com\/index.php?rest_route=\/wp\/v2\/posts\/13596\/revisions\/13598"}],"wp:featuredmedia":[{"embeddable":true,"href":"http:\/\/www.noticiashondurashn.com\/index.php?rest_route=\/wp\/v2\/media\/13597"}],"wp:attachment":[{"href":"http:\/\/www.noticiashondurashn.com\/index.php?rest_route=%2Fwp%2Fv2%2Fmedia&parent=13596"}],"wp:term":[{"taxonomy":"category","embeddable":true,"href":"http:\/\/www.noticiashondurashn.com\/index.php?rest_route=%2Fwp%2Fv2%2Fcategories&post=13596"},{"taxonomy":"post_tag","embeddable":true,"href":"http:\/\/www.noticiashondurashn.com\/index.php?rest_route=%2Fwp%2Fv2%2Ftags&post=13596"}],"curies":[{"name":"wp","href":"https:\/\/api.w.org\/{rel}","templated":true}]}}