{"id":13066,"date":"2018-03-29T12:38:01","date_gmt":"2018-03-29T18:38:01","guid":{"rendered":"http:\/\/www.noticiashondurashn.com\/?p=13066"},"modified":"2018-04-07T23:34:01","modified_gmt":"2018-04-08T05:34:01","slug":"secretario-de-la-cidh-visitara-honduras","status":"publish","type":"post","link":"http:\/\/www.noticiashondurashn.com\/?p=13066","title":{"rendered":"Secretario de la CIDH visitar\u00e1 Honduras"},"content":{"rendered":"<p>El Secretario Ejecutivo de la Comisi\u00f3n Interamericana de Derechos Humanos (CIDH), Paulo Abr\u00e3o visitar\u00e1 Honduras la pr\u00f3xima semana para conocer la situaci\u00f3n de derechos humamos, luego de las denuncias de violaciones cometidas por la Policia y Ej\u00e9rcito contra manifestantes, tras la crisis post electoral de noviembre pasado.<\/p>\n<p>Abr\u00e3o llegar\u00e1 este lunes acompa\u00f1ado del Relator para Honduras de la CIDH, Joel Hern\u00e1ndez Garc\u00eda y de un especialista de la Secretar\u00eda Ejecutiva quienes permanecer\u00e1n en Honduras hasta el mi\u00e9rcoles 4 de abril.<\/p>\n<p>El Secretario y relator durante su visita protocolaria y de trabajo, se reunir\u00e1 para dialogar con autoridades de alto nivel gubernamental.<\/p>\n<p>El prop\u00f3sito de la visita del ambos funcionarios de la CIDH, es entablar un di\u00e1logo con las autoridades de gobierno y estrechar lazos de cooperaci\u00f3n que puedan contribuir a la promoci\u00f3n y defensa de los derechos humanos en  Honduras, manifest\u00f3 el gobierno hondure\u00f1o en un comunicado,<\/p>\n<p>Hern\u00e1ndez Garc\u00eda aprovechar\u00e1 la ocasi\u00f3n para iniciar su mandato con la realizaci\u00f3n de reuniones de trabajo. En la reuni\u00f3n protocolaria estar\u00e1n presentes las autoridades de la Canciller\u00eda, Procuradur\u00eda General de la Rep\u00fablica y la Secretar\u00eda de Derechos Humanos. <\/p>\n<p><strong>Perfiles <\/strong><\/p>\n<p>El Comisionado Joel Hern\u00e1ndez Garc\u00eda fue elegido el 21 de junio de 2017 por la Asamblea General de la OEA, para un per\u00edodo de cuatro a\u00f1os que inici\u00f3 el 1 de enero de 2018 y finaliza el 31 de diciembre de 2021. <\/p>\n<p>Tiene una licenciatura en derecho por la Universidad Nacional Aut\u00f3noma de M\u00e9xico y una maestr\u00eda en derecho internacional de New York University School of Law. Es Vicepresidente del Comit\u00e9 Jur\u00eddico Interamericano, miembro del Consejo Directivo del United Nations Interregional Crime and Justice Research Institute y asesor internacional del American Law Institute. <\/p>\n<p>En el servicio exterior de M\u00e9xico ascendi\u00f3 a embajador y se desempe\u00f1\u00f3 en varios puestos. De 2011 a 2013, fungi\u00f3 como Representante Permanente de M\u00e9xico ante la OEA. En ese car\u00e1cter presidi\u00f3 el grupo de trabajo de reflexi\u00f3n sobre el funcionamiento de la CIDH para el fortalecimiento del SIDH.<\/p>\n<p>Fue representante permanente de M\u00e9xico ante la OEA, Consultor jur\u00eddico en la Secretar\u00eda de Relaciones Exteriores de M\u00e9xico, C\u00f3nsul Adscrito de M\u00e9xico en Nueva York.<\/p>\n<p>Mientras que el brasile\u00f1o Paulo Abr\u00e3o es el Secretario Ejecutivo de la Comisi\u00f3n Interamericana de Derechos Humanos (CIDH), cargo que asumi\u00f3 el 16 de agosto de 2016. Tiene un doctorado en derecho y un posgrado en Derechos Humanos. D <\/p>\n<p>Abr\u00e3o es profesor del Programa de Doctorado en Ciencias Jur\u00eddicas y Pol\u00edticas de la Universidad Pablo de Olavide, Sevilla, Espa\u00f1a. <\/p>\n<p>Asimismo, participa en m\u00faltiples iniciativas de la sociedad civil, entre ellas del Tribunal Internacional para la Justicia Restaurativa en El Salvador y es autor de decenas de art\u00edculos, libros y otras publicaciones en temas de derechos humanos, democracia y justicia.<\/p>\n","protected":false},"excerpt":{"rendered":"<p>El Secretario Ejecutivo de la Comisi\u00f3n Interamericana de Derechos Humanos (CIDH), Paulo Abr\u00e3o visitar\u00e1 Honduras la pr\u00f3xima semana para conocer<\/p>\n","protected":false},"author":1,"featured_media":13068,"comment_status":"open","ping_status":"open","sticky":false,"template":"","format":"standard","meta":[],"categories":[41],"tags":[32,8,3],"_links":{"self":[{"href":"http:\/\/www.noticiashondurashn.com\/index.php?rest_route=\/wp\/v2\/posts\/13066"}],"collection":[{"href":"http:\/\/www.noticiashondurashn.com\/index.php?rest_route=\/wp\/v2\/posts"}],"about":[{"href":"http:\/\/www.noticiashondurashn.com\/index.php?rest_route=\/wp\/v2\/types\/post"}],"author":[{"embeddable":true,"href":"http:\/\/www.noticiashondurashn.com\/index.php?rest_route=\/wp\/v2\/users\/1"}],"replies":[{"embeddable":true,"href":"http:\/\/www.noticiashondurashn.com\/index.php?rest_route=%2Fwp%2Fv2%2Fcomments&post=13066"}],"version-history":[{"count":2,"href":"http:\/\/www.noticiashondurashn.com\/index.php?rest_route=\/wp\/v2\/posts\/13066\/revisions"}],"predecessor-version":[{"id":13069,"href":"http:\/\/www.noticiashondurashn.com\/index.php?rest_route=\/wp\/v2\/posts\/13066\/revisions\/13069"}],"wp:featuredmedia":[{"embeddable":true,"href":"http:\/\/www.noticiashondurashn.com\/index.php?rest_route=\/wp\/v2\/media\/13068"}],"wp:attachment":[{"href":"http:\/\/www.noticiashondurashn.com\/index.php?rest_route=%2Fwp%2Fv2%2Fmedia&parent=13066"}],"wp:term":[{"taxonomy":"category","embeddable":true,"href":"http:\/\/www.noticiashondurashn.com\/index.php?rest_route=%2Fwp%2Fv2%2Fcategories&post=13066"},{"taxonomy":"post_tag","embeddable":true,"href":"http:\/\/www.noticiashondurashn.com\/index.php?rest_route=%2Fwp%2Fv2%2Ftags&post=13066"}],"curies":[{"name":"wp","href":"https:\/\/api.w.org\/{rel}","templated":true}]}}