{"id":12791,"date":"2018-02-19T22:43:34","date_gmt":"2018-02-20T04:43:34","guid":{"rendered":"http:\/\/www.noticiashondurashn.com\/?p=12791"},"modified":"2018-02-19T22:47:16","modified_gmt":"2018-02-20T04:47:16","slug":"confraternidad-evangelica-pide-reelegir-al-fiscal-general","status":"publish","type":"post","link":"http:\/\/www.noticiashondurashn.com\/?p=12791","title":{"rendered":"Confraternidad Evang\u00e9lica pide reelegir al fiscal general"},"content":{"rendered":"<p>La Junta Directiva de la Confraternidad Evang\u00e9lica de Honduras, pidi\u00f3 en un comunicado divulgado este lunes, que se ratifique en el cargo al fiscal general Oscar Chinchilla.<\/p>\n<p>De conformidad a la Ley del Ministerio P\u00fablico le corresponde al Congreso Nacional de la Rep\u00fablica elegir en este a\u00f1o 2018 al Fiscal General de la Naci\u00f3n, por lo que la Confraternidad pidi\u00f3 a quienes ser\u00e1n proponentes y a los diputados del Congreso Nacional, que valoren el profesionalismo y resultados que ha demostrado el actual Fiscal<br \/>\nGeneral, abogado \u00d3scar Armando Chinchilla Benegas.<\/p>\n<p>\u201cConsideramos que es necesario el fortalecimiento institucional del Ministerio P\u00fablico, dando seguimiento a los diferentes esfuerzos realizados hasta el momento\u201d, manifiesta el comunicado.<\/p>\n<p>LEA ADEM\u00c1S: <a href=\"http:\/\/www.noticiashondurashn.com\/?p=9748\">La insoportable soledad del fiscal general Oscar Chinchilla<\/a>.<\/p>\n<p>Finalmente solicitamos respetuosamente se considere la posibilidad de elegir por un<br \/>\nperiodo m\u00e1s al actual Fiscal General, lo que ayudara a lograr el fortalecimiento<br \/>\nantes mencionado.<\/p>\n<p>El ahora es vocero de la Maccih, Juan Jim\u00e9nez Mayor tambi\u00e9n se hab\u00eda pronunciado la semana anterior, a favor de permitir que el actual Fiscal contin\u00fae en el cargo por un periodo m\u00e1s.<\/p>\n<p>El fiscal general es la pieza clave en la lucha contra la corrupci\u00f3n que tanto afecta a Honduras, la naci\u00f3n m\u00e1s pobre de latinoamerica.<\/p>\n","protected":false},"excerpt":{"rendered":"<p>La Junta Directiva de la Confraternidad Evang\u00e9lica de Honduras, pidi\u00f3 en un comunicado divulgado este lunes, que se ratifique en<\/p>\n","protected":false},"author":1,"featured_media":12792,"comment_status":"open","ping_status":"open","sticky":false,"template":"","format":"standard","meta":[],"categories":[13],"tags":[8,3,48],"_links":{"self":[{"href":"http:\/\/www.noticiashondurashn.com\/index.php?rest_route=\/wp\/v2\/posts\/12791"}],"collection":[{"href":"http:\/\/www.noticiashondurashn.com\/index.php?rest_route=\/wp\/v2\/posts"}],"about":[{"href":"http:\/\/www.noticiashondurashn.com\/index.php?rest_route=\/wp\/v2\/types\/post"}],"author":[{"embeddable":true,"href":"http:\/\/www.noticiashondurashn.com\/index.php?rest_route=\/wp\/v2\/users\/1"}],"replies":[{"embeddable":true,"href":"http:\/\/www.noticiashondurashn.com\/index.php?rest_route=%2Fwp%2Fv2%2Fcomments&post=12791"}],"version-history":[{"count":3,"href":"http:\/\/www.noticiashondurashn.com\/index.php?rest_route=\/wp\/v2\/posts\/12791\/revisions"}],"predecessor-version":[{"id":12795,"href":"http:\/\/www.noticiashondurashn.com\/index.php?rest_route=\/wp\/v2\/posts\/12791\/revisions\/12795"}],"wp:featuredmedia":[{"embeddable":true,"href":"http:\/\/www.noticiashondurashn.com\/index.php?rest_route=\/wp\/v2\/media\/12792"}],"wp:attachment":[{"href":"http:\/\/www.noticiashondurashn.com\/index.php?rest_route=%2Fwp%2Fv2%2Fmedia&parent=12791"}],"wp:term":[{"taxonomy":"category","embeddable":true,"href":"http:\/\/www.noticiashondurashn.com\/index.php?rest_route=%2Fwp%2Fv2%2Fcategories&post=12791"},{"taxonomy":"post_tag","embeddable":true,"href":"http:\/\/www.noticiashondurashn.com\/index.php?rest_route=%2Fwp%2Fv2%2Ftags&post=12791"}],"curies":[{"name":"wp","href":"https:\/\/api.w.org\/{rel}","templated":true}]}}