{"id":1229,"date":"2014-08-15T12:24:01","date_gmt":"2014-08-15T18:24:01","guid":{"rendered":"http:\/\/www.noticiashondurashn.com\/?p=1229"},"modified":"2014-08-15T12:24:01","modified_gmt":"2014-08-15T18:24:01","slug":"decomisan-avioneta-en-la-mosquitia-e-investigan-relacion-con-el-narcotrafico","status":"publish","type":"post","link":"http:\/\/www.noticiashondurashn.com\/?p=1229","title":{"rendered":"Decomisan avioneta en la Mosquitia e investigan relaci\u00f3n con el narcotr\u00e1fico"},"content":{"rendered":"<p>Autoridades hondure\u00f1as decomisaron hoy una avioneta abandonada en Gracias a Dios, departamento caribe\u00f1o donde ayer se requiso un helic\u00f3ptero.<br \/>\nLa torre de control detect\u00f3 el avi\u00f3n bimotor que aterriz\u00f3 en el sector de Awasbila la zona de la Mosquitia, por lo que se moviliz\u00f3 al personal para dar con el paradero de la misma.<br \/>\nEl jefe de la Polic\u00eda Militar de Orden P\u00fablico (PMOP), en la zona norte, coronel Germ\u00e1n Alfaro dijo que al llegar al lugar se constato que la avioneta tenia su tren de aterrizaje averiado.<br \/>\nSeg\u00fan el oficial, las investigaciones se centran en la b\u00fasqueda de los pilotos, ya que en la inspecci\u00f3n no se encontr\u00f3 indicios que la avioneta haya transportado droga.<br \/>\n\u201cEstamos investigando si la aeronave tuvo alg\u00fan desperfecto mec\u00e1nico y realiz\u00f3 un aterrizaje forzoso o si la misma tienen alg\u00fan v\u00ednculo con el crimen organizado\u201d, se\u00f1al\u00f3.<br \/>\nLa zona, alejada de tierra firme, es usada para el tr\u00e1fico de drogas, el jueves se localiz\u00f3 y decomiso un helic\u00f3ptero Bell 412, en las cercan\u00edas de Brus Laguna, que supuestamente estaba siendo usado para transporte de drogas.<figure id=\"attachment_1230\" aria-describedby=\"caption-attachment-1230\" style=\"width: 298px\" class=\"wp-caption alignnone\"><a href=\"http:\/\/www.noticiashondurashn.com\/wp-content\/uploads\/2014\/08\/image53.jpg\"><img decoding=\"async\" loading=\"lazy\" src=\"http:\/\/www.noticiashondurashn.com\/wp-content\/uploads\/2014\/08\/image53.jpg\" alt=\"La avioneta presenta aver\u00eda \" width=\"298\" height=\"238\" class=\"size-full wp-image-1230\" \/><\/a><figcaption id=\"caption-attachment-1230\" class=\"wp-caption-text\">La avioneta presenta aver\u00eda<\/figcaption><\/figure>\n","protected":false},"excerpt":{"rendered":"<p>Autoridades hondure\u00f1as decomisaron hoy una avioneta abandonada en Gracias a Dios, departamento caribe\u00f1o donde ayer se requiso un helic\u00f3ptero. La<\/p>\n","protected":false},"author":1,"featured_media":1230,"comment_status":"open","ping_status":"open","sticky":false,"template":"","format":"standard","meta":[],"categories":[13],"tags":[37],"_links":{"self":[{"href":"http:\/\/www.noticiashondurashn.com\/index.php?rest_route=\/wp\/v2\/posts\/1229"}],"collection":[{"href":"http:\/\/www.noticiashondurashn.com\/index.php?rest_route=\/wp\/v2\/posts"}],"about":[{"href":"http:\/\/www.noticiashondurashn.com\/index.php?rest_route=\/wp\/v2\/types\/post"}],"author":[{"embeddable":true,"href":"http:\/\/www.noticiashondurashn.com\/index.php?rest_route=\/wp\/v2\/users\/1"}],"replies":[{"embeddable":true,"href":"http:\/\/www.noticiashondurashn.com\/index.php?rest_route=%2Fwp%2Fv2%2Fcomments&post=1229"}],"version-history":[{"count":1,"href":"http:\/\/www.noticiashondurashn.com\/index.php?rest_route=\/wp\/v2\/posts\/1229\/revisions"}],"predecessor-version":[{"id":1231,"href":"http:\/\/www.noticiashondurashn.com\/index.php?rest_route=\/wp\/v2\/posts\/1229\/revisions\/1231"}],"wp:featuredmedia":[{"embeddable":true,"href":"http:\/\/www.noticiashondurashn.com\/index.php?rest_route=\/wp\/v2\/media\/1230"}],"wp:attachment":[{"href":"http:\/\/www.noticiashondurashn.com\/index.php?rest_route=%2Fwp%2Fv2%2Fmedia&parent=1229"}],"wp:term":[{"taxonomy":"category","embeddable":true,"href":"http:\/\/www.noticiashondurashn.com\/index.php?rest_route=%2Fwp%2Fv2%2Fcategories&post=1229"},{"taxonomy":"post_tag","embeddable":true,"href":"http:\/\/www.noticiashondurashn.com\/index.php?rest_route=%2Fwp%2Fv2%2Ftags&post=1229"}],"curies":[{"name":"wp","href":"https:\/\/api.w.org\/{rel}","templated":true}]}}