{"id":12215,"date":"2017-12-20T15:53:54","date_gmt":"2017-12-20T21:53:54","guid":{"rendered":"http:\/\/www.noticiashondurashn.com\/?p=12215"},"modified":"2017-12-20T15:53:54","modified_gmt":"2017-12-20T21:53:54","slug":"naciones-unidas-y-cidh-condenan-el-asesinato-manifestantes-en-honduras","status":"publish","type":"post","link":"http:\/\/www.noticiashondurashn.com\/?p=12215","title":{"rendered":"Naciones Unidas y CIDH condenan el asesinato manifestantes en Honduras"},"content":{"rendered":"<p>GINEBRA. - Expertos de la ONU y la CIDH condenaron el asesinato de al menos 12 manifestantes en Honduras y la detenci\u00f3n de cientos de personas que tomaron las calles luego de la suspensi\u00f3n del conteo de votos de las elecciones presidenciales del mes pasado.<\/p>\n<p>El Gobierno declar\u00f3 un estado de emergencia, suspendiendo derechos fundamentales, despu\u00e9s de que miles de personas se sumaron a las manifestaciones en rechazo a las irregularidades del proceso electoral del 26 de noviembre. La polic\u00eda detuvo forzosamente las protestas. El estado de emergencia qued\u00f3 sin efecto el pasado 9 de diciembre.<\/p>\n<p>\"Exhortamos al Gobierno de Honduras a dar cumplimiento estricto a sus obligaciones de respetar y garantizar los derechos a la vida, as\u00ed como los derechos a la libertad de expresi\u00f3n y derecho de reuni\u00f3n de todas las personas bajo su jurisdicci\u00f3n\", afirmaron les expertos. Los expertos notaron que la proclamaci\u00f3n de estados de excepci\u00f3n no autoriza, bajo ninguna circunstancia, la derogaci\u00f3n de derechos a la vida e integridad personal y llamaron a las autoridades a investigar estos hechos.<\/p>\n<p>\"Las protestas callejeras y los disturbios no constituyen una situaci\u00f3n excepcional que justifique per se la suspensi\u00f3n de derechos fundamentales\", afirmaron los expertos. \"Por el contrario, en momentos cr\u00edticos para la vigencia de la democracia, el debate p\u00fablico robusto y las manifestaciones pol\u00edticas deben tener la m\u00e1xima protecci\u00f3n posible\", manifestaron.<\/p>\n<p>\"Estamos alarmados por el uso ilegal y excesivo de la fuerza para disolver protestas, que result\u00f3 en la muerte de al menos 12 manifestantes, decenas de heridos y cientos de detenidos, muchas de ellos trasladados a instalaciones militares, donde habr\u00edan sido brutalmente golpeados, insultados y sometidos a torturas, y otros tratos crueles inhumanos y degradantes\".  <\/p>\n<p>Asimismo durante este tiempo, se han reportado ataques y detenciones de periodistas durante la cobertura de protestas. Los d\u00edas 9 y 10 de diciembre, Radio Progreso, un medio comunitario emblem\u00e1tico por su independencia y defensa de la democracia, denunci\u00f3 el sabotaje de su torre y antena en Tegucigalpa. La radio perdi\u00f3 su se\u00f1al en la zona central del pa\u00eds.<\/p>\n<p>\"Hacemos un llamado urgente para que se investigue el ataque a Radio Progreso, se restablezca su transmisi\u00f3n y se garantice la seguridad de sus periodistas y trabajadores\", reafirmaron.<\/p>\n<p> \"Antes, durante y despu\u00e9s de contiendas electorales, la informaci\u00f3n p\u00fablica sobre el proceso electoral, divulgada de manera oportuna, proactiva y fidedigna, es una garant\u00eda indispensable de los sistemas democr\u00e1ticos\", concluyeron.<\/p>\n","protected":false},"excerpt":{"rendered":"<p>GINEBRA. - Expertos de la ONU y la CIDH condenaron el asesinato de al menos 12 manifestantes en Honduras y<\/p>\n","protected":false},"author":1,"featured_media":12216,"comment_status":"open","ping_status":"open","sticky":false,"template":"","format":"standard","meta":[],"categories":[88,41],"tags":[57,32,3],"_links":{"self":[{"href":"http:\/\/www.noticiashondurashn.com\/index.php?rest_route=\/wp\/v2\/posts\/12215"}],"collection":[{"href":"http:\/\/www.noticiashondurashn.com\/index.php?rest_route=\/wp\/v2\/posts"}],"about":[{"href":"http:\/\/www.noticiashondurashn.com\/index.php?rest_route=\/wp\/v2\/types\/post"}],"author":[{"embeddable":true,"href":"http:\/\/www.noticiashondurashn.com\/index.php?rest_route=\/wp\/v2\/users\/1"}],"replies":[{"embeddable":true,"href":"http:\/\/www.noticiashondurashn.com\/index.php?rest_route=%2Fwp%2Fv2%2Fcomments&post=12215"}],"version-history":[{"count":1,"href":"http:\/\/www.noticiashondurashn.com\/index.php?rest_route=\/wp\/v2\/posts\/12215\/revisions"}],"predecessor-version":[{"id":12217,"href":"http:\/\/www.noticiashondurashn.com\/index.php?rest_route=\/wp\/v2\/posts\/12215\/revisions\/12217"}],"wp:featuredmedia":[{"embeddable":true,"href":"http:\/\/www.noticiashondurashn.com\/index.php?rest_route=\/wp\/v2\/media\/12216"}],"wp:attachment":[{"href":"http:\/\/www.noticiashondurashn.com\/index.php?rest_route=%2Fwp%2Fv2%2Fmedia&parent=12215"}],"wp:term":[{"taxonomy":"category","embeddable":true,"href":"http:\/\/www.noticiashondurashn.com\/index.php?rest_route=%2Fwp%2Fv2%2Fcategories&post=12215"},{"taxonomy":"post_tag","embeddable":true,"href":"http:\/\/www.noticiashondurashn.com\/index.php?rest_route=%2Fwp%2Fv2%2Ftags&post=12215"}],"curies":[{"name":"wp","href":"https:\/\/api.w.org\/{rel}","templated":true}]}}