{"id":12091,"date":"2017-12-12T06:38:25","date_gmt":"2017-12-12T12:38:25","guid":{"rendered":"http:\/\/www.noticiashondurashn.com\/?p=12091"},"modified":"2017-12-12T06:40:02","modified_gmt":"2017-12-12T12:40:02","slug":"cph-deplora-uso-excesivo-de-la-fuerza-policial-y-militar-en-las-nanifestaciones-periodistas","status":"publish","type":"post","link":"http:\/\/www.noticiashondurashn.com\/?p=12091","title":{"rendered":"CPH deplora uso excesivo de la fuerza policial y militar contra los periodistas"},"content":{"rendered":"<p>El Colegio de Periodistas de Honduras (CPH) conden\u00f3 en\u00e9rgicamente los ataques de que han sido objeto las instalaciones de diferentes medios comunicaci\u00f3n, producto de la crisis pol\u00edtica que vive Honduras.<\/p>\n<p>En un comunicado divulgado este martes, el CPH hace saber que ha seguido con mucho detenimiento y preocupaci\u00f3n la crisis pol\u00edtica que actualmente atraviesa nuestro pais y sus consiguientes repercusiones en el libre ejercicio del periodismo.<\/p>\n<p>El ente gremial Como \u00f3rgano gremial responsable de velar por la libertad de expresi\u00f3n y de prensa en Honduras repudia las obstrucciones al libre ejercicio de la libertad de prensa por parte miembros de la seguridad del Estado y de algunos manifestantes, tal como lo ha denunciado recientemente el Comisionado Nacional de los Derechos Humanos de Honduras (Conadeh).<\/p>\n<p>Agrega que durante la actual crisis pol\u00edtica hemos recogido m\u00faltiples denuncias de violaciones a la libertad de expresi\u00f3n, asi como de agresiones a periodistas y comunicadores sociales.<\/p>\n<p>\u201cLanentamos y condenamos en\u00e9rgicamente los ataques de que han sido objeto las instalaciones de diferentes medios comunicaci\u00f3n televisivos, escritos y radiales, as\u00ed como la canpa\u00f1a de odio contra periodistas y empresas de comunicaci\u00f3n montada a trav\u00e9s de las redes sociales\u201d.<\/p>\n<p>Igualmente deplora el uso excesivo de la fuerza policial y militar en las nanifestaciones y concretamente contra la poblaci\u00f3n civil y periodistas que dan cobertura a las protestas p\u00fablicas.<\/p>\n<p>Vea tambi\u00e9n: <a href=\"http:\/\/www.noticiashondurashn.com\/?p=12086\">Radio Progreso denuncia violaci\u00f3n a la libre expresi\u00f3n<\/a><\/p>\n<p>Expresa tambi\u00e9n \u201cnuestra m\u00e1s profunda preocupaci\u00f3n por las denuncias formuladas por algunos medios de comunicaci\u00f3n social de intentos de cierre o imposici\u00f3n de controles por parte del \u00f3rgano operador del Estado, lo cual es contrario a lo consignado en los art\u00edculos 72 y 73 de la Constituci\u00f3n de la Rep\u00fablica y los art\u00edculos 1, 2 y 3 de la Ley de Emisi\u00f3n del Pensamiento\u201d.<\/p>\n<p>El CPH exige a todos los actores el cumplimiento de las garant\u00edas consignadas en la Carta Magna y en los convenios internacionales en materia de libertad de expresi\u00f3n y el respeto y protecci\u00f3n a la labor de todos los periodistas, comunicadores sociales y medios de comunicaci\u00f3n del pa\u00eds, sin distinci\u00f3n alguna.<\/p>\n<p>Exhorta a los diferentes actores pol\u00edticos agotar el di\u00e1logo y buscar las avenidas pac\u00ed\ufb01cas para solventar esta situaci\u00f3n de intranquilidad y desasosiego que prima en la sociedad hondure\u00f1a.<\/p>\n<p>Finalmente \u201csolicita por en\u00e9sima vez al Congreso Nacional y a la Corte Suprema de Justicia la derogaci\u00f3n del art\u00edcqu 335-8 que crimindiza la labor de los periodistas bajo la figura de apolog\u00eda del terrorismo\u201d.<\/p>\n","protected":false},"excerpt":{"rendered":"<p>El Colegio de Periodistas de Honduras (CPH) conden\u00f3 en\u00e9rgicamente los ataques de que han sido objeto las instalaciones de diferentes<\/p>\n","protected":false},"author":1,"featured_media":12092,"comment_status":"open","ping_status":"open","sticky":false,"template":"","format":"standard","meta":[],"categories":[34,13],"tags":[57,3,76,35],"_links":{"self":[{"href":"http:\/\/www.noticiashondurashn.com\/index.php?rest_route=\/wp\/v2\/posts\/12091"}],"collection":[{"href":"http:\/\/www.noticiashondurashn.com\/index.php?rest_route=\/wp\/v2\/posts"}],"about":[{"href":"http:\/\/www.noticiashondurashn.com\/index.php?rest_route=\/wp\/v2\/types\/post"}],"author":[{"embeddable":true,"href":"http:\/\/www.noticiashondurashn.com\/index.php?rest_route=\/wp\/v2\/users\/1"}],"replies":[{"embeddable":true,"href":"http:\/\/www.noticiashondurashn.com\/index.php?rest_route=%2Fwp%2Fv2%2Fcomments&post=12091"}],"version-history":[{"count":2,"href":"http:\/\/www.noticiashondurashn.com\/index.php?rest_route=\/wp\/v2\/posts\/12091\/revisions"}],"predecessor-version":[{"id":12094,"href":"http:\/\/www.noticiashondurashn.com\/index.php?rest_route=\/wp\/v2\/posts\/12091\/revisions\/12094"}],"wp:featuredmedia":[{"embeddable":true,"href":"http:\/\/www.noticiashondurashn.com\/index.php?rest_route=\/wp\/v2\/media\/12092"}],"wp:attachment":[{"href":"http:\/\/www.noticiashondurashn.com\/index.php?rest_route=%2Fwp%2Fv2%2Fmedia&parent=12091"}],"wp:term":[{"taxonomy":"category","embeddable":true,"href":"http:\/\/www.noticiashondurashn.com\/index.php?rest_route=%2Fwp%2Fv2%2Fcategories&post=12091"},{"taxonomy":"post_tag","embeddable":true,"href":"http:\/\/www.noticiashondurashn.com\/index.php?rest_route=%2Fwp%2Fv2%2Ftags&post=12091"}],"curies":[{"name":"wp","href":"https:\/\/api.w.org\/{rel}","templated":true}]}}