{"id":12064,"date":"2017-12-09T20:40:05","date_gmt":"2017-12-10T02:40:05","guid":{"rendered":"http:\/\/www.noticiashondurashn.com\/?p=12064"},"modified":"2017-12-09T21:41:44","modified_gmt":"2017-12-10T03:41:44","slug":"ombudsman-pide-respeto-por-la-vida-de-las-personas-en-manifestaciones","status":"publish","type":"post","link":"http:\/\/www.noticiashondurashn.com\/?p=12064","title":{"rendered":"Ombudsman pide respeto por la vida de las personas en manifestaciones"},"content":{"rendered":"<p><strong>En el marco del D\u00eda internacional de los Derechos Humanos que se celebra este domingo, el Comisionado Nacional de los Derechos Humanos en Honduras (Conadeh), Roberto Herrera C\u00e1ceres, pidi\u00f3 respeto por la vida y la integridad fisica, tanto de las personas que participan en las manifestaciones como de los agentes que integran los cuerpos de seguridad del Estado. <\/strong><\/p>\n<p>De acuerdo a datos recabados por el ente estatal de derechos humanos, alrededor de 14 personas han muerto, entre ellos dos miembros de la Policia Nacional, en circunstancias a\u00fan no esclarecidas por las autoridades encargadas de la investigaci\u00f3n en el pais.<\/p>\n<p>Seg\u00fan el recuento de los hechos, <a href=\"http:\/\/www.noticiashondurashn.com\/?p=12017\">seis murieron en San Pedro Sula, dos en Olancho, 3 en Tegucigalpa, dos en La Ceiba y uno en el departamento de Yoro<\/a>.<\/p>\n<p>El Defensor del Pueblo considera que es repudiable y condenable todo acto en el que se le prive de la vida a una persona, al tiempo que agreg\u00f3 que esas actitudes violentas son intolerables, ya que \u201cno se puede privar de la vida a ninguna persona\".<\/p>\n<p>Herrera Caceres indic\u00f3 que es un deber fundamental de todo habitante, en el territorio nacional, velar por el respeto de la vida, la integridad de las personas y por el ejercicio pacifico de todos sus derechos humanos.<\/p>\n<p>El ombudsman de Honduras lament\u00f3 que se est\u00e9 deteriorando el respeto a la dignidad del ser humano y que \u201centre hermanos nos estemos desangrando\".<\/p>\n<p>Destac\u00f3 la importancia de evitar la violencia entre hermanos y actuar solidariamente en paz con respeto al pluralismo de ideas. \u201cHemos hecho una manifestaci\u00f3n categ\u00f3rica y hemos llamado tambi\u00e9n y estamos dando<br \/>\nseguimiento a las investigaciones que se puedan hacer, tanto por la polic\u00eda como por el propio Ministerio P\u00fablico\", declar\u00f3.<\/p>\n<p>En torno a la suspensi\u00f3n del toque de queda en varios departamentos del pa\u00eds, el titular del Conadeh, dijo que desde su aplicaci\u00f3n le ha dado seguimiento al Decreto que restringe la libre circulaci\u00f3n y que, por eso, le recomend\u00f3 al Poder Ejecutivo que no se debe aplicar restricci\u00f3n a derechos en lugares o departamentos donde no hay ninguna necesidad.<\/p>\n<p>Consultado en torno a la ampliaci\u00f3n del periodo de vigencia del decreto que prohibe la portaci\u00f3n de armas de fuego, Herrera C\u00e1ceres respondi\u00f3, que el Conadeh siempre ha tenido una posici\u00f3n en contra del uso de armas.<\/p>\n<p>\"Nuestra aspiraci\u00f3n seria llegar a un momento en que el \u00fanico portador de armas sea la autoridad leg\u00edtimamente autorizada para ello, sin embargo, dijo que hay circunstancias, como las actuales, donde ya existe una cultura en ese sentido\", concluy\u00f3.<\/p>\n","protected":false},"excerpt":{"rendered":"<p>En el marco del D\u00eda internacional de los Derechos Humanos que se celebra este domingo, el Comisionado Nacional de los<\/p>\n","protected":false},"author":1,"featured_media":12067,"comment_status":"open","ping_status":"open","sticky":false,"template":"","format":"standard","meta":[],"categories":[88,13],"tags":[57,32,3],"_links":{"self":[{"href":"http:\/\/www.noticiashondurashn.com\/index.php?rest_route=\/wp\/v2\/posts\/12064"}],"collection":[{"href":"http:\/\/www.noticiashondurashn.com\/index.php?rest_route=\/wp\/v2\/posts"}],"about":[{"href":"http:\/\/www.noticiashondurashn.com\/index.php?rest_route=\/wp\/v2\/types\/post"}],"author":[{"embeddable":true,"href":"http:\/\/www.noticiashondurashn.com\/index.php?rest_route=\/wp\/v2\/users\/1"}],"replies":[{"embeddable":true,"href":"http:\/\/www.noticiashondurashn.com\/index.php?rest_route=%2Fwp%2Fv2%2Fcomments&post=12064"}],"version-history":[{"count":5,"href":"http:\/\/www.noticiashondurashn.com\/index.php?rest_route=\/wp\/v2\/posts\/12064\/revisions"}],"predecessor-version":[{"id":12071,"href":"http:\/\/www.noticiashondurashn.com\/index.php?rest_route=\/wp\/v2\/posts\/12064\/revisions\/12071"}],"wp:featuredmedia":[{"embeddable":true,"href":"http:\/\/www.noticiashondurashn.com\/index.php?rest_route=\/wp\/v2\/media\/12067"}],"wp:attachment":[{"href":"http:\/\/www.noticiashondurashn.com\/index.php?rest_route=%2Fwp%2Fv2%2Fmedia&parent=12064"}],"wp:term":[{"taxonomy":"category","embeddable":true,"href":"http:\/\/www.noticiashondurashn.com\/index.php?rest_route=%2Fwp%2Fv2%2Fcategories&post=12064"},{"taxonomy":"post_tag","embeddable":true,"href":"http:\/\/www.noticiashondurashn.com\/index.php?rest_route=%2Fwp%2Fv2%2Ftags&post=12064"}],"curies":[{"name":"wp","href":"https:\/\/api.w.org\/{rel}","templated":true}]}}