{"id":12060,"date":"2017-12-09T17:58:27","date_gmt":"2017-12-09T23:58:27","guid":{"rendered":"http:\/\/www.noticiashondurashn.com\/?p=12060"},"modified":"2017-12-09T21:48:46","modified_gmt":"2017-12-10T03:48:46","slug":"excapitan-que-menciono-a-hermano-del-mandatario-en-narcotrafico-denuncia-amenazas","status":"publish","type":"post","link":"http:\/\/www.noticiashondurashn.com\/?p=12060","title":{"rendered":"Excapitan que mencion\u00f3 a hermano del mandatario en narcotr\u00e1fico denuncia amenazas"},"content":{"rendered":"<p>El excapit\u00e1n de las Fuerzas Armadas de Honduras, Santos Rodr\u00edguez Orellana, denunci\u00f3 ante el Comisionado Nacional de los Derechos Humanos (Codadeh), que en las \u00faltimas semanas ha recibido amenazas de muerte contra \u00e9l y su familia a ra\u00edz de declaraciones que dio al canal estadounidense Univision.<\/p>\n<p>\u201cHe recibido amenazas que van a mandar unos sicarios a eliminarme, o a eliminar a mi familia\u201d, asegur\u00f3 Rodr\u00edguez en una rueda de prensa que convoc\u00f3 en la capital de Honduras, Tegucigalpa.<\/p>\n<p>Rodr\u00edguez Orellana dijo que de acuerdo con fuentes de su confianza dentro de las Fuerzas Armadas de Honduras, la posible acci\u00f3n ser\u00eda ejecutada por militares por \u00f3rdenes del gobierno.<\/p>\n<p>Rodr\u00edguez asegur\u00f3 que algunos de sus ex compa\u00f1eros que a\u00fan son miembros de las Fuerzas Militares, lo han alertado de un plan para atentar contra \u00e9l, su esposa y sus dos hijos.<\/p>\n<p>\u201cTambi\u00e9n me dijeron que van a meter droga y armas en mi casa para llevarme preso y luego desaparecerme\u201d, explic\u00f3 el excapit\u00e1n.<\/p>\n<p>Rodr\u00edguez dio una extensa entrevista a Univision Investiga el pasado 10 de noviembre en la que denunci\u00f3 las supuesta complicidad de funcionarios del gobierno y militares con el narcotr\u00e1fico.<\/p>\n<p>El excapit\u00e1n dijo que por sus declaraciones en un medio internacional como Univision he recibido demasiadas amenazas. Rodr\u00edguez denunci\u00f3 las supuesta complicidad de funcionarios del gobierno y militares con el narcotr\u00e1fico.<\/p>\n<p><strong>Lea tambi\u00e9n<\/strong>: <a href=\"http:\/\/www.noticiashondurashn.com\/?p=8650\">Persiguen a oficial de las FFAA por no entregar a hermano del presidente, asegura su esposa<\/a><\/p>\n<p>El militar relat\u00f3 que en 2014, cuando integraba un grupo antinarc\u00f3ticos de las FF.AA, llev\u00f3 a cabo el decomiso de un helic\u00f3ptero que aterriz\u00f3 en La Mosquitia presuntamente con 600 kilogramos de coca\u00edna.<\/p>\n<p>Aunque \u00e9l nunca alcanz\u00f3 a ver la droga porque seg\u00fan cuenta la descargaron antes del operativo militar, los informantes con los que trabaj\u00f3 en varias operaciones antinarc\u00f3ticos le advirtieron que el helic\u00f3ptero le pertenec\u00eda a Antonio \"Tony\" Hern\u00e1ndez, hermano del presidente Juan Orlando Hern\u00e1ndez.<\/p>\n<p>Tanto el presidente como su hermano han calificado de falsas estas declaraciones. En una carta enviada a Univision, a ra\u00edz de la entrevista con Rodr\u00edguez, una firma de abogados de Estados Unidos en nombre del mandatario hondure\u00f1o rechaz\u00f3 los se\u00f1alamientos y destac\u00f3 las medidas tomadas por Hern\u00e1ndez en la lucha contra la corrupci\u00f3n y el narcotrafico.<\/p>\n<p>Cuando se conocieron las primeras denuncias, Tony Hern\u00e1ndez, quien es diputado en el Congreso Nacional, dijo que hab\u00eda dado explicaciones al gobierno de Estados Unidos y que no ten\u00eda nada que temer.<\/p>\n<p>Rodr\u00edguez relat\u00f3 a la fiscal\u00eda de Honduras el incidente del helic\u00f3ptero y un interrogatorio con la DEA en el que los agentes de esa entidad le pidieron que implicara al hermano del presidente, seg\u00fan una copia del testimonio en poder de Univision.<\/p>\n<p>El excapit\u00e1n dur\u00f3 un a\u00f1o siendo investigado por las FF.AA y a mediados de 2014 lo suspendieron del ej\u00e9rcito con baja deshonrosa, al tiempo que la embajada de Estados Unidos en Tegucigalpa lo se\u00f1al\u00f3 de sospechoso de narcotr\u00e1fico y corrupci\u00f3n en un inusual comunicado de prensa.<\/p>\n<p>La coordinadora de prensa de la Presidencia de Honduras, Yajaira Padilla y el subteniente Jos\u00e9 Coello, portavoz de la Fuerza Nacional de Seguridad Interinstitucional (Fusina), no se quisieron pronunciar respecto a las denuncias del oficial.<\/p>\n","protected":false},"excerpt":{"rendered":"<p>El excapit\u00e1n de las Fuerzas Armadas de Honduras, Santos Rodr\u00edguez Orellana, denunci\u00f3 ante el Comisionado Nacional de los Derechos Humanos<\/p>\n","protected":false},"author":1,"featured_media":12062,"comment_status":"open","ping_status":"open","sticky":false,"template":"","format":"standard","meta":[],"categories":[13],"tags":[3,71,37],"_links":{"self":[{"href":"http:\/\/www.noticiashondurashn.com\/index.php?rest_route=\/wp\/v2\/posts\/12060"}],"collection":[{"href":"http:\/\/www.noticiashondurashn.com\/index.php?rest_route=\/wp\/v2\/posts"}],"about":[{"href":"http:\/\/www.noticiashondurashn.com\/index.php?rest_route=\/wp\/v2\/types\/post"}],"author":[{"embeddable":true,"href":"http:\/\/www.noticiashondurashn.com\/index.php?rest_route=\/wp\/v2\/users\/1"}],"replies":[{"embeddable":true,"href":"http:\/\/www.noticiashondurashn.com\/index.php?rest_route=%2Fwp%2Fv2%2Fcomments&post=12060"}],"version-history":[{"count":5,"href":"http:\/\/www.noticiashondurashn.com\/index.php?rest_route=\/wp\/v2\/posts\/12060\/revisions"}],"predecessor-version":[{"id":12074,"href":"http:\/\/www.noticiashondurashn.com\/index.php?rest_route=\/wp\/v2\/posts\/12060\/revisions\/12074"}],"wp:featuredmedia":[{"embeddable":true,"href":"http:\/\/www.noticiashondurashn.com\/index.php?rest_route=\/wp\/v2\/media\/12062"}],"wp:attachment":[{"href":"http:\/\/www.noticiashondurashn.com\/index.php?rest_route=%2Fwp%2Fv2%2Fmedia&parent=12060"}],"wp:term":[{"taxonomy":"category","embeddable":true,"href":"http:\/\/www.noticiashondurashn.com\/index.php?rest_route=%2Fwp%2Fv2%2Fcategories&post=12060"},{"taxonomy":"post_tag","embeddable":true,"href":"http:\/\/www.noticiashondurashn.com\/index.php?rest_route=%2Fwp%2Fv2%2Ftags&post=12060"}],"curies":[{"name":"wp","href":"https:\/\/api.w.org\/{rel}","templated":true}]}}