{"id":12051,"date":"2017-12-08T22:33:39","date_gmt":"2017-12-09T04:33:39","guid":{"rendered":"http:\/\/www.noticiashondurashn.com\/?p=12051"},"modified":"2017-12-08T22:40:23","modified_gmt":"2017-12-09T04:40:23","slug":"ai-pide-investigar-muertes-producto-de-la-represion-en-manifestaciones","status":"publish","type":"post","link":"http:\/\/www.noticiashondurashn.com\/?p=12051","title":{"rendered":"AI pide investigar muertes producto de la represi\u00f3n en manifestaciones"},"content":{"rendered":"<p>Al menos 13 personas fallecidas fueron reportadas, decenas de personas detenidas y otras resultaron heridas como consecuencia de la violenta represi\u00f3n de las protestas que desencaden\u00f3 la eleccion presidencial en Honduras el 26 de noviembre, denunci\u00f3 al organizaci\u00f3n  Amnist\u00eda Internacional (AI).<\/p>\n<p>El informe del ente cuestiona que un cambio repentino en los resultados de la elecci\u00f3n para presidente en Honduras tiene al pa\u00eds sumergido en un clima de violencia y tensi\u00f3n desde los comicios celebrados el 26 de noviembre. <\/p>\n<p>\u201cEl 29 de noviembre, despu\u00e9s de varios d\u00edas sin publicar informaci\u00f3n oficial sobre los resultados electorales, el Tribunal Supremo Electoral (TSE) se\u00f1al\u00f3 una ventaja a favor del actual presidente de la Rep\u00fablica, Juan Orlando Hernandez. El anuncio signific\u00f3 un cambio radical respecto de la primera tendencia anunciada por el mismo Tribunal el 27 de noviembre, en donde anunci\u00f3 la ventaja de cinco puntos por parte del candidato de la oposici\u00f3n, Salvador Nasralla\u201d, indica el informe.<\/p>\n<p>Este anuncio -refiere Amnist\u00eda Internacional- dio pie a m\u00faltiples protestas masivas y bloqueos de varias carreteras alrededor del pa\u00eds como respuesta a la falta de transparencia en el procesamiento y conteo de votos. Estas protestas fueron violentamente reprimidas por las fuerzas de seguridad hondure\u00f1as. El 1 de diciembre, las autoridades declararon un estado de sitio por un periodo de 10 d\u00edas. El Decreto instaura un toque de queda restringiendo el derecho a la libre circulaci\u00f3n por la noche y prev\u00e9 la participaci\u00f3n de las fuerzas armadas en apoyo a la Policia nacional para mantener el orden y la seguridad.<\/p>\n<p>De acuerdo con informaci\u00f3n en poder de Amnist\u00eda Internacional por organizaciones locales, \u201cdesde el 29 de noviembre<br \/>\nse han multiplicado los casos de uso excesivo de la fuerza contra manifestantes por parte de las autoridades, como uso de ca\u00f1\u00f3n de agua, gases lacrim\u00f3genos y armas letales. Hasta la fecha se reportan al menos 13 personas fallecidas, entre ellas un ni\u00f1o, en el contexto de la represi\u00f3n de las manifestaciones e incluso por la noche y en el marco del toque de queda\u201d. <\/p>\n<p>A\u00f1ade que docenas de personas fueron detenidas, incluyendo ni\u00f1os, y otras personas heridas en el marco de operativos de represi\u00f3n de manifestaciones. Existen tambi\u00e9n serias preocupaciones por el respeto de los derechos a la vida, a la integridad f\u00edsica, al debido proceso, a la libertad de expresi\u00f3n y de reuni\u00f3n y manifestaci\u00f3n pacifica.<\/p>\n<p>AI exhort\u00f3 a las autoridades que se abstengan de utilizar las fuerza desproporcionadamente y que se respete<br \/>\nplenamente el derecho a la libertad de expresi\u00f3n y reuni\u00f3n pac\u00edfica; al tiempo que solicita que todas las personas detenidas solamente por ejercer su derecho a la manifestaci\u00f3n pac\u00edfica sean<br \/>\nliberadas de inmediato y que aquellas imputadas de alg\u00fan delito se les garantice el derecho al debido proceso, el derecho de defensa, atenci\u00f3n medica, y puedan acceder a familiares y abogados de su elecci\u00f3n. <\/p>\n<p>En el caso de ni\u00f1os detenidos, se debe garantizar el interes superior del ni\u00f1o en todo momento, recomienda AI que luego exige que autoridades civiles abran de inmediato una investigacion exhaustiva, imparcial e independiente sobre todos los casos de muertes violentas ocurridas en el contexto de la represi\u00f3n de las manifestaciones, hagan p\u00fablicos sus resutados y lleven a los presuntos responsables ante tribunales civiles ordinarios.<\/p>\n<p>INFORMACI\u00d3N COMPLEMENTARIA<\/p>\n<p>Honduras es uno de los pa\u00edses m\u00e1s violentos del mundo, con una alta tasa de homicidios e inseguridad. Existe un alto nivel de desconfianza hacia las instituciones, alimentado por la impunidad que prevalece en la mayoria de los crimenes, y por recurrentes se\u00f1alamientos de corrupcion o involucramiento de agentes estatales en actividades delictivas.<\/p>\n<p>Las personas defensoras de derechos humanos est\u00e1n particularmente expuestas a la violencia, siendo Honduras uno de los<br \/>\npa\u00edses m\u00e1s peligrosos de America Latina para los defensores de los derechos rumanos, especialmente para los<br \/>\ny las activistas de la tierra y el medio ambiente.<\/p>\n<p>En febrero de 2017, AI expres\u00f3 su preocupaci\u00f3n por las reformas al codigo Penal respecto del delito de terrorismo, debido a que las nuevas disposiciones, redactadas en terminos sumamente amplios, podr\u00edan dar lugar a una aplicaci\u00f3n arbitraria e inadecuada en el contexto de protestas pacificas o dar lugar a la criminalizaci\u00f3n de defensores de derechos humanos.<\/p>\n<p>A ra\u00edz del golpe de Estado ocurrido el 28 junio de 2009, durante el cual fueron aprobados varios estados de excepci\u00f3n y toques de queda, se reportaron graves violaciones de derechos humanos atribuidas a fuerzas de seguridad hondure\u00f1as, concluye AI.<\/p>\n","protected":false},"excerpt":{"rendered":"<p>Al menos 13 personas fallecidas fueron reportadas, decenas de personas detenidas y otras resultaron heridas como consecuencia de la violenta<\/p>\n","protected":false},"author":1,"featured_media":12055,"comment_status":"open","ping_status":"open","sticky":false,"template":"","format":"standard","meta":[],"categories":[88,41],"tags":[70,57,32,3],"_links":{"self":[{"href":"http:\/\/www.noticiashondurashn.com\/index.php?rest_route=\/wp\/v2\/posts\/12051"}],"collection":[{"href":"http:\/\/www.noticiashondurashn.com\/index.php?rest_route=\/wp\/v2\/posts"}],"about":[{"href":"http:\/\/www.noticiashondurashn.com\/index.php?rest_route=\/wp\/v2\/types\/post"}],"author":[{"embeddable":true,"href":"http:\/\/www.noticiashondurashn.com\/index.php?rest_route=\/wp\/v2\/users\/1"}],"replies":[{"embeddable":true,"href":"http:\/\/www.noticiashondurashn.com\/index.php?rest_route=%2Fwp%2Fv2%2Fcomments&post=12051"}],"version-history":[{"count":7,"href":"http:\/\/www.noticiashondurashn.com\/index.php?rest_route=\/wp\/v2\/posts\/12051\/revisions"}],"predecessor-version":[{"id":12059,"href":"http:\/\/www.noticiashondurashn.com\/index.php?rest_route=\/wp\/v2\/posts\/12051\/revisions\/12059"}],"wp:featuredmedia":[{"embeddable":true,"href":"http:\/\/www.noticiashondurashn.com\/index.php?rest_route=\/wp\/v2\/media\/12055"}],"wp:attachment":[{"href":"http:\/\/www.noticiashondurashn.com\/index.php?rest_route=%2Fwp%2Fv2%2Fmedia&parent=12051"}],"wp:term":[{"taxonomy":"category","embeddable":true,"href":"http:\/\/www.noticiashondurashn.com\/index.php?rest_route=%2Fwp%2Fv2%2Fcategories&post=12051"},{"taxonomy":"post_tag","embeddable":true,"href":"http:\/\/www.noticiashondurashn.com\/index.php?rest_route=%2Fwp%2Fv2%2Ftags&post=12051"}],"curies":[{"name":"wp","href":"https:\/\/api.w.org\/{rel}","templated":true}]}}